{"id":17079,"date":"2025-05-14T21:57:27","date_gmt":"2025-05-14T19:57:27","guid":{"rendered":"https:\/\/wgphoto.pl\/t\/?p=17079"},"modified":"2025-05-14T21:57:27","modified_gmt":"2025-05-14T19:57:27","slug":"ep09-034-wisla-glebce","status":"publish","type":"post","link":"https:\/\/wgphoto.pl\/t\/?p=17079","title":{"rendered":"EP09-034, Wis\u0142a G\u0142\u0119bce"},"content":{"rendered":"\n<figure class=\"wp-block-image aligncenter size-full\"><img loading=\"lazy\" decoding=\"async\" width=\"675\" height=\"900\" src=\"https:\/\/wgphoto.pl\/t\/wp-content\/uploads\/2025\/05\/0727-18a.jpg\" alt=\"\" class=\"wp-image-17080\" srcset=\"https:\/\/wgphoto.pl\/t\/wp-content\/uploads\/2025\/05\/0727-18a.jpg 675w, https:\/\/wgphoto.pl\/t\/wp-content\/uploads\/2025\/05\/0727-18a-225x300.jpg 225w\" sizes=\"auto, (max-width: 675px) 100vw, 675px\" \/><\/figure>\n\n\n\n<div class=\"wp-block-group has-global-padding is-layout-constrained wp-block-group-is-layout-constrained\">\n<p>Po kr\u00f3tkiej przerwie na czerwone czapki wracamy do czerwonych lokomotyw. \ud83d\ude09<br>EP09-034 z Ex 14411 &#8222;Wis\u0142a&#8221; z Warszawy Wschodniej u kresu podr\u00f3\u017cy. Wis\u0142a G\u0142\u0119bce, 2007-09-02<\/p>\n<\/div>\n","protected":false},"excerpt":{"rendered":"<p>Po kr\u00f3tkiej przerwie na czerwone czapki wracamy do czerwonych lokomotyw. \ud83d\ude09EP09-034 z Ex 14411 &#8222;Wis\u0142a&#8221; z Warszawy Wschodniej u kresu podr\u00f3\u017cy. Wis\u0142a G\u0142\u0119bce, 2007-09-02<\/p>\n","protected":false},"author":1,"featured_media":17080,"comment_status":"open","ping_status":"","sticky":false,"template":"","format":"standard","meta":{"footnotes":""},"categories":[62,2,128,96],"tags":[3796,2461,45,63,27,2347,2533],"class_list":["post-17079","post","type-post","status-publish","format-standard","has-post-thumbnail","hentry","category-analog","category-kolej","category-pionowe","category-rok-2007","tag-2007-09-02","tag-ep09","tag-most","tag-pkp","tag-polska","tag-tab-pl146","tag-wisla-glebce-2"],"_links":{"self":[{"href":"https:\/\/wgphoto.pl\/t\/index.php?rest_route=\/wp\/v2\/posts\/17079","targetHints":{"allow":["GET"]}}],"collection":[{"href":"https:\/\/wgphoto.pl\/t\/index.php?rest_route=\/wp\/v2\/posts"}],"about":[{"href":"https:\/\/wgphoto.pl\/t\/index.php?rest_route=\/wp\/v2\/types\/post"}],"author":[{"embeddable":true,"href":"https:\/\/wgphoto.pl\/t\/index.php?rest_route=\/wp\/v2\/users\/1"}],"replies":[{"embeddable":true,"href":"https:\/\/wgphoto.pl\/t\/index.php?rest_route=%2Fwp%2Fv2%2Fcomments&post=17079"}],"version-history":[{"count":1,"href":"https:\/\/wgphoto.pl\/t\/index.php?rest_route=\/wp\/v2\/posts\/17079\/revisions"}],"predecessor-version":[{"id":17081,"href":"https:\/\/wgphoto.pl\/t\/index.php?rest_route=\/wp\/v2\/posts\/17079\/revisions\/17081"}],"wp:featuredmedia":[{"embeddable":true,"href":"https:\/\/wgphoto.pl\/t\/index.php?rest_route=\/wp\/v2\/media\/17080"}],"wp:attachment":[{"href":"https:\/\/wgphoto.pl\/t\/index.php?rest_route=%2Fwp%2Fv2%2Fmedia&parent=17079"}],"wp:term":[{"taxonomy":"category","embeddable":true,"href":"https:\/\/wgphoto.pl\/t\/index.php?rest_route=%2Fwp%2Fv2%2Fcategories&post=17079"},{"taxonomy":"post_tag","embeddable":true,"href":"https:\/\/wgphoto.pl\/t\/index.php?rest_route=%2Fwp%2Fv2%2Ftags&post=17079"}],"curies":[{"name":"wp","href":"https:\/\/api.w.org\/{rel}","templated":true}]}}