{"id":17082,"date":"2025-05-16T12:25:23","date_gmt":"2025-05-16T10:25:23","guid":{"rendered":"https:\/\/wgphoto.pl\/t\/?p=17082"},"modified":"2025-05-16T12:25:23","modified_gmt":"2025-05-16T10:25:23","slug":"eu07-072","status":"publish","type":"post","link":"https:\/\/wgphoto.pl\/t\/?p=17082","title":{"rendered":"EU07-072"},"content":{"rendered":"\n<figure class=\"wp-block-image aligncenter size-full\"><img loading=\"lazy\" decoding=\"async\" width=\"1050\" height=\"700\" src=\"https:\/\/wgphoto.pl\/t\/wp-content\/uploads\/2025\/05\/0727-17a.jpg\" alt=\"\" class=\"wp-image-17083\" srcset=\"https:\/\/wgphoto.pl\/t\/wp-content\/uploads\/2025\/05\/0727-17a.jpg 1050w, https:\/\/wgphoto.pl\/t\/wp-content\/uploads\/2025\/05\/0727-17a-300x200.jpg 300w, https:\/\/wgphoto.pl\/t\/wp-content\/uploads\/2025\/05\/0727-17a-768x512.jpg 768w\" sizes=\"auto, (max-width: 1050px) 100vw, 1050px\" \/><\/figure>\n\n\n\n<div class=\"wp-block-group has-global-padding is-layout-constrained wp-block-group-is-layout-constrained\">\n<p>Wis\u0142a Dziechcinka &#8211; Wis\u0142a Kopyd\u0142o. EU07-072 prowadzi trzy wagony jako poci\u0105g &#8222;Skrzyczne&#8221; relacji (Gdynia G\u0142. -) Bielsko-Bia\u0142a &#8211; Wis\u0142a G\u0142\u0119bce. 02.09.2007<\/p>\n<\/div>\n","protected":false},"excerpt":{"rendered":"<p>Wis\u0142a Dziechcinka &#8211; Wis\u0142a Kopyd\u0142o. EU07-072 prowadzi trzy wagony jako poci\u0105g &#8222;Skrzyczne&#8221; relacji (Gdynia G\u0142. -) Bielsko-Bia\u0142a &#8211; Wis\u0142a G\u0142\u0119bce. 02.09.2007<\/p>\n","protected":false},"author":1,"featured_media":17083,"comment_status":"open","ping_status":"","sticky":false,"template":"","format":"standard","meta":{"footnotes":""},"categories":[62,2,96],"tags":[3796,122,63,27,2347,3798,3797],"class_list":["post-17082","post","type-post","status-publish","format-standard","has-post-thumbnail","hentry","category-analog","category-kolej","category-rok-2007","tag-2007-09-02","tag-eu07","tag-pkp","tag-polska","tag-tab-pl146","tag-wisla-dziechcinka","tag-wisla-kopydlo"],"_links":{"self":[{"href":"https:\/\/wgphoto.pl\/t\/index.php?rest_route=\/wp\/v2\/posts\/17082","targetHints":{"allow":["GET"]}}],"collection":[{"href":"https:\/\/wgphoto.pl\/t\/index.php?rest_route=\/wp\/v2\/posts"}],"about":[{"href":"https:\/\/wgphoto.pl\/t\/index.php?rest_route=\/wp\/v2\/types\/post"}],"author":[{"embeddable":true,"href":"https:\/\/wgphoto.pl\/t\/index.php?rest_route=\/wp\/v2\/users\/1"}],"replies":[{"embeddable":true,"href":"https:\/\/wgphoto.pl\/t\/index.php?rest_route=%2Fwp%2Fv2%2Fcomments&post=17082"}],"version-history":[{"count":1,"href":"https:\/\/wgphoto.pl\/t\/index.php?rest_route=\/wp\/v2\/posts\/17082\/revisions"}],"predecessor-version":[{"id":17084,"href":"https:\/\/wgphoto.pl\/t\/index.php?rest_route=\/wp\/v2\/posts\/17082\/revisions\/17084"}],"wp:featuredmedia":[{"embeddable":true,"href":"https:\/\/wgphoto.pl\/t\/index.php?rest_route=\/wp\/v2\/media\/17083"}],"wp:attachment":[{"href":"https:\/\/wgphoto.pl\/t\/index.php?rest_route=%2Fwp%2Fv2%2Fmedia&parent=17082"}],"wp:term":[{"taxonomy":"category","embeddable":true,"href":"https:\/\/wgphoto.pl\/t\/index.php?rest_route=%2Fwp%2Fv2%2Fcategories&post=17082"},{"taxonomy":"post_tag","embeddable":true,"href":"https:\/\/wgphoto.pl\/t\/index.php?rest_route=%2Fwp%2Fv2%2Ftags&post=17082"}],"curies":[{"name":"wp","href":"https:\/\/api.w.org\/{rel}","templated":true}]}}