{"id":1709,"date":"2024-10-04T21:52:22","date_gmt":"2024-10-04T19:52:22","guid":{"rendered":"https:\/\/wgphoto.pl\/t\/?p=1709"},"modified":"2024-10-04T21:52:22","modified_gmt":"2024-10-04T19:52:22","slug":"kolejowa-plaza","status":"publish","type":"post","link":"https:\/\/wgphoto.pl\/t\/?p=1709","title":{"rendered":"Kolejowa pla\u017ca"},"content":{"rendered":"\n<figure class=\"wp-block-image aligncenter size-full\"><img loading=\"lazy\" decoding=\"async\" width=\"1200\" height=\"803\" src=\"https:\/\/wgphoto.pl\/t\/wp-content\/uploads\/2024\/10\/IMGP6121.jpg\" alt=\"\" class=\"wp-image-1710\" srcset=\"https:\/\/wgphoto.pl\/t\/wp-content\/uploads\/2024\/10\/IMGP6121.jpg 1200w, https:\/\/wgphoto.pl\/t\/wp-content\/uploads\/2024\/10\/IMGP6121-300x201.jpg 300w, https:\/\/wgphoto.pl\/t\/wp-content\/uploads\/2024\/10\/IMGP6121-768x514.jpg 768w\" sizes=\"auto, (max-width: 1200px) 100vw, 1200px\" \/><\/figure>\n\n\n\n<div class=\"wp-block-group has-global-padding is-layout-constrained wp-block-group-is-layout-constrained\">\n<p>Zestaw 560 008\/007 jako poci\u0105g osobowy 4716 relacji Brno hl.n. &#8211; Letovice wje\u017cd\u017ca do Blanska, mijaj\u0105c &#8222;pla\u017c\u0119&#8221; nad miejscowym zbiornikiem wodnym. 22.08.2010<\/p>\n<\/div>\n","protected":false},"excerpt":{"rendered":"<p>Zestaw 560 008\/007 jako poci\u0105g osobowy 4716 relacji Brno hl.n. &#8211; Letovice wje\u017cd\u017ca do Blanska, mijaj\u0105c &#8222;pla\u017c\u0119&#8221; nad miejscowym zbiornikiem wodnym. 22.08.2010<\/p>\n","protected":false},"author":1,"featured_media":1710,"comment_status":"open","ping_status":"","sticky":false,"template":"","format":"standard","meta":{"footnotes":""},"categories":[2,86],"tags":[882,885,883,50,49,151,884],"class_list":["post-1709","post","type-post","status-publish","format-standard","has-post-thumbnail","hentry","category-kolej","category-rok-2010","tag-2010-08-22","tag-885","tag-blansko","tag-cd","tag-czechy","tag-ludzie","tag-tab-cz260"],"_links":{"self":[{"href":"https:\/\/wgphoto.pl\/t\/index.php?rest_route=\/wp\/v2\/posts\/1709","targetHints":{"allow":["GET"]}}],"collection":[{"href":"https:\/\/wgphoto.pl\/t\/index.php?rest_route=\/wp\/v2\/posts"}],"about":[{"href":"https:\/\/wgphoto.pl\/t\/index.php?rest_route=\/wp\/v2\/types\/post"}],"author":[{"embeddable":true,"href":"https:\/\/wgphoto.pl\/t\/index.php?rest_route=\/wp\/v2\/users\/1"}],"replies":[{"embeddable":true,"href":"https:\/\/wgphoto.pl\/t\/index.php?rest_route=%2Fwp%2Fv2%2Fcomments&post=1709"}],"version-history":[{"count":1,"href":"https:\/\/wgphoto.pl\/t\/index.php?rest_route=\/wp\/v2\/posts\/1709\/revisions"}],"predecessor-version":[{"id":1711,"href":"https:\/\/wgphoto.pl\/t\/index.php?rest_route=\/wp\/v2\/posts\/1709\/revisions\/1711"}],"wp:featuredmedia":[{"embeddable":true,"href":"https:\/\/wgphoto.pl\/t\/index.php?rest_route=\/wp\/v2\/media\/1710"}],"wp:attachment":[{"href":"https:\/\/wgphoto.pl\/t\/index.php?rest_route=%2Fwp%2Fv2%2Fmedia&parent=1709"}],"wp:term":[{"taxonomy":"category","embeddable":true,"href":"https:\/\/wgphoto.pl\/t\/index.php?rest_route=%2Fwp%2Fv2%2Fcategories&post=1709"},{"taxonomy":"post_tag","embeddable":true,"href":"https:\/\/wgphoto.pl\/t\/index.php?rest_route=%2Fwp%2Fv2%2Ftags&post=1709"}],"curies":[{"name":"wp","href":"https:\/\/api.w.org\/{rel}","templated":true}]}}