{"id":17106,"date":"2025-05-16T12:32:23","date_gmt":"2025-05-16T10:32:23","guid":{"rendered":"https:\/\/wgphoto.pl\/t\/?p=17106"},"modified":"2025-05-16T12:32:23","modified_gmt":"2025-05-16T10:32:23","slug":"odra-nad-odra","status":"publish","type":"post","link":"https:\/\/wgphoto.pl\/t\/?p=17106","title":{"rendered":"&#8222;Odra&#8221; nad Odr\u0105"},"content":{"rendered":"\n<figure class=\"wp-block-image aligncenter size-full\"><img loading=\"lazy\" decoding=\"async\" width=\"1050\" height=\"696\" src=\"https:\/\/wgphoto.pl\/t\/wp-content\/uploads\/2025\/05\/0624-09a.jpg\" alt=\"\" class=\"wp-image-17107\" srcset=\"https:\/\/wgphoto.pl\/t\/wp-content\/uploads\/2025\/05\/0624-09a.jpg 1050w, https:\/\/wgphoto.pl\/t\/wp-content\/uploads\/2025\/05\/0624-09a-300x199.jpg 300w, https:\/\/wgphoto.pl\/t\/wp-content\/uploads\/2025\/05\/0624-09a-768x509.jpg 768w\" sizes=\"auto, (max-width: 1050px) 100vw, 1050px\" \/><\/figure>\n\n\n\n<div class=\"wp-block-group has-global-padding is-layout-constrained wp-block-group-is-layout-constrained\">\n<p>EP08-007 prowadzi IC 6101 &#8222;Odra&#8221; z Wroc\u0142awia G\u0142\u00f3wnego do Warszawy Wschodniej. Poci\u0105g przeje\u017cd\u017ca nad rzek\u0105 &#8211; swoj\u0105 imienniczk\u0105 &#8211; w obr\u0119bie stacji Wroc\u0142aw Popowice. 20.09.2006<\/p>\n<\/div>\n","protected":false},"excerpt":{"rendered":"<p>EP08-007 prowadzi IC 6101 &#8222;Odra&#8221; z Wroc\u0142awia G\u0142\u00f3wnego do Warszawy Wschodniej. Poci\u0105g przeje\u017cd\u017ca nad rzek\u0105 &#8211; swoj\u0105 imienniczk\u0105 &#8211; w obr\u0119bie stacji Wroc\u0142aw Popowice. 20.09.2006<\/p>\n","protected":false},"author":1,"featured_media":17107,"comment_status":"open","ping_status":"","sticky":false,"template":"","format":"standard","meta":{"footnotes":""},"categories":[62,2,130],"tags":[3603,225,45,63,27,190,41,75],"class_list":["post-17106","post","type-post","status-publish","format-standard","has-post-thumbnail","hentry","category-analog","category-kolej","category-rok-2006","tag-2006-09-20","tag-ep08","tag-most","tag-pkp","tag-polska","tag-tab-pl330","tag-wroclaw","tag-wroclaw-popowice"],"_links":{"self":[{"href":"https:\/\/wgphoto.pl\/t\/index.php?rest_route=\/wp\/v2\/posts\/17106","targetHints":{"allow":["GET"]}}],"collection":[{"href":"https:\/\/wgphoto.pl\/t\/index.php?rest_route=\/wp\/v2\/posts"}],"about":[{"href":"https:\/\/wgphoto.pl\/t\/index.php?rest_route=\/wp\/v2\/types\/post"}],"author":[{"embeddable":true,"href":"https:\/\/wgphoto.pl\/t\/index.php?rest_route=\/wp\/v2\/users\/1"}],"replies":[{"embeddable":true,"href":"https:\/\/wgphoto.pl\/t\/index.php?rest_route=%2Fwp%2Fv2%2Fcomments&post=17106"}],"version-history":[{"count":1,"href":"https:\/\/wgphoto.pl\/t\/index.php?rest_route=\/wp\/v2\/posts\/17106\/revisions"}],"predecessor-version":[{"id":17108,"href":"https:\/\/wgphoto.pl\/t\/index.php?rest_route=\/wp\/v2\/posts\/17106\/revisions\/17108"}],"wp:featuredmedia":[{"embeddable":true,"href":"https:\/\/wgphoto.pl\/t\/index.php?rest_route=\/wp\/v2\/media\/17107"}],"wp:attachment":[{"href":"https:\/\/wgphoto.pl\/t\/index.php?rest_route=%2Fwp%2Fv2%2Fmedia&parent=17106"}],"wp:term":[{"taxonomy":"category","embeddable":true,"href":"https:\/\/wgphoto.pl\/t\/index.php?rest_route=%2Fwp%2Fv2%2Fcategories&post=17106"},{"taxonomy":"post_tag","embeddable":true,"href":"https:\/\/wgphoto.pl\/t\/index.php?rest_route=%2Fwp%2Fv2%2Ftags&post=17106"}],"curies":[{"name":"wp","href":"https:\/\/api.w.org\/{rel}","templated":true}]}}