{"id":1712,"date":"2024-10-04T21:53:28","date_gmt":"2024-10-04T19:53:28","guid":{"rendered":"https:\/\/wgphoto.pl\/t\/?p=1712"},"modified":"2024-10-04T21:53:28","modified_gmt":"2024-10-04T19:53:28","slug":"742-014-4","status":"publish","type":"post","link":"https:\/\/wgphoto.pl\/t\/?p=1712","title":{"rendered":"742 014-4"},"content":{"rendered":"\n<figure class=\"wp-block-image aligncenter size-full\"><img loading=\"lazy\" decoding=\"async\" width=\"1200\" height=\"803\" src=\"https:\/\/wgphoto.pl\/t\/wp-content\/uploads\/2024\/10\/IMGP6129.jpg\" alt=\"\" class=\"wp-image-1713\" srcset=\"https:\/\/wgphoto.pl\/t\/wp-content\/uploads\/2024\/10\/IMGP6129.jpg 1200w, https:\/\/wgphoto.pl\/t\/wp-content\/uploads\/2024\/10\/IMGP6129-300x201.jpg 300w, https:\/\/wgphoto.pl\/t\/wp-content\/uploads\/2024\/10\/IMGP6129-768x514.jpg 768w\" sizes=\"auto, (max-width: 1200px) 100vw, 1200px\" \/><\/figure>\n\n\n\n<div class=\"wp-block-group has-global-padding is-layout-constrained wp-block-group-is-layout-constrained\">\n<p><em>Kocour<\/em> podje\u017cd\u017ca pod sk\u0142ad poci\u0105gu z poprzedniego zdj\u0119cia. Pomoc lokomotywy spalinowej wymagana by\u0142a wy\u0142\u0105czeniem w obr\u0119bie stacji Blansko napi\u0119cia w sieci trakcyjnej. Poci\u0105gi mog\u0105ce przejecha\u0107 przez stacj\u0119 bez zatrzymania mija\u0142y j\u0105 si\u0142\u0105 rozp\u0119du, na opuszczonych pantografach, a osob\u00f3wki ka\u017cdorazowo wypychane by\u0142y przez tytu\u0142ow\u0105 maszyn\u0119. 22.08.2010<\/p>\n<\/div>\n","protected":false},"excerpt":{"rendered":"<p>Kocour podje\u017cd\u017ca pod sk\u0142ad poci\u0105gu z poprzedniego zdj\u0119cia. Pomoc lokomotywy spalinowej wymagana by\u0142a wy\u0142\u0105czeniem w obr\u0119bie stacji Blansko napi\u0119cia w sieci trakcyjnej. Poci\u0105gi mog\u0105ce przejecha\u0107 przez stacj\u0119 bez zatrzymania mija\u0142y j\u0105 si\u0142\u0105 rozp\u0119du, na opuszczonych pantografach, a osob\u00f3wki ka\u017cdorazowo wypychane by\u0142y przez tytu\u0142ow\u0105 maszyn\u0119. 22.08.2010<\/p>\n","protected":false},"author":1,"featured_media":1713,"comment_status":"open","ping_status":"","sticky":false,"template":"","format":"standard","meta":{"footnotes":""},"categories":[2,86],"tags":[882,885,496,883,50,49,884],"class_list":["post-1712","post","type-post","status-publish","format-standard","has-post-thumbnail","hentry","category-kolej","category-rok-2010","tag-2010-08-22","tag-885","tag-496","tag-blansko","tag-cd","tag-czechy","tag-tab-cz260"],"_links":{"self":[{"href":"https:\/\/wgphoto.pl\/t\/index.php?rest_route=\/wp\/v2\/posts\/1712","targetHints":{"allow":["GET"]}}],"collection":[{"href":"https:\/\/wgphoto.pl\/t\/index.php?rest_route=\/wp\/v2\/posts"}],"about":[{"href":"https:\/\/wgphoto.pl\/t\/index.php?rest_route=\/wp\/v2\/types\/post"}],"author":[{"embeddable":true,"href":"https:\/\/wgphoto.pl\/t\/index.php?rest_route=\/wp\/v2\/users\/1"}],"replies":[{"embeddable":true,"href":"https:\/\/wgphoto.pl\/t\/index.php?rest_route=%2Fwp%2Fv2%2Fcomments&post=1712"}],"version-history":[{"count":1,"href":"https:\/\/wgphoto.pl\/t\/index.php?rest_route=\/wp\/v2\/posts\/1712\/revisions"}],"predecessor-version":[{"id":1714,"href":"https:\/\/wgphoto.pl\/t\/index.php?rest_route=\/wp\/v2\/posts\/1712\/revisions\/1714"}],"wp:featuredmedia":[{"embeddable":true,"href":"https:\/\/wgphoto.pl\/t\/index.php?rest_route=\/wp\/v2\/media\/1713"}],"wp:attachment":[{"href":"https:\/\/wgphoto.pl\/t\/index.php?rest_route=%2Fwp%2Fv2%2Fmedia&parent=1712"}],"wp:term":[{"taxonomy":"category","embeddable":true,"href":"https:\/\/wgphoto.pl\/t\/index.php?rest_route=%2Fwp%2Fv2%2Fcategories&post=1712"},{"taxonomy":"post_tag","embeddable":true,"href":"https:\/\/wgphoto.pl\/t\/index.php?rest_route=%2Fwp%2Fv2%2Ftags&post=1712"}],"curies":[{"name":"wp","href":"https:\/\/api.w.org\/{rel}","templated":true}]}}