{"id":17124,"date":"2025-05-16T12:37:37","date_gmt":"2025-05-16T10:37:37","guid":{"rendered":"https:\/\/wgphoto.pl\/t\/?p=17124"},"modified":"2025-05-16T12:37:37","modified_gmt":"2025-05-16T10:37:37","slug":"xxi-wiek","status":"publish","type":"post","link":"https:\/\/wgphoto.pl\/t\/?p=17124","title":{"rendered":"XXI wiek"},"content":{"rendered":"\n<figure class=\"wp-block-image aligncenter size-full\"><img loading=\"lazy\" decoding=\"async\" width=\"1300\" height=\"731\" src=\"https:\/\/wgphoto.pl\/t\/wp-content\/uploads\/2025\/05\/IMGP2497.jpg\" alt=\"\" class=\"wp-image-17125\" srcset=\"https:\/\/wgphoto.pl\/t\/wp-content\/uploads\/2025\/05\/IMGP2497.jpg 1300w, https:\/\/wgphoto.pl\/t\/wp-content\/uploads\/2025\/05\/IMGP2497-300x169.jpg 300w, https:\/\/wgphoto.pl\/t\/wp-content\/uploads\/2025\/05\/IMGP2497-768x432.jpg 768w\" sizes=\"auto, (max-width: 1300px) 100vw, 1300px\" \/><\/figure>\n\n\n\n<div class=\"wp-block-group has-global-padding is-layout-constrained wp-block-group-is-layout-constrained\">\n<p>Poci\u0105g osobowy 25418 relacji Kr\u00e1lovec &#8211; S\u0119dzis\u0142aw odje\u017cd\u017ca z Lubawki w pierwszym dniu nowego rozk\u0142adu jazdy, kiedy to uruchomiono na tej trasie 7 par poci\u0105g\u00f3w pasa\u017cerskich kursuj\u0105cych codziennie. Tak dobrej oferty nie widziano tu od ponad 20 lat. Niestety w mi\u0119dzyczasie infrastruktura pasa\u017cerska ca\u0142kowicie podupad\u0142a. Ju\u017c 15 lat wcze\u015bniej by\u0142o \u017ale, ale przynajmniej do poci\u0105gu mo\u017cna by\u0142o wsi\u0105\u015b\u0107 z normalnego peronu oraz by\u0142o si\u0119 gdzie schowa\u0107 przed deszczem. 09.12.2018<\/p>\n<\/div>\n","protected":false},"excerpt":{"rendered":"<p>Poci\u0105g osobowy 25418 relacji Kr\u00e1lovec &#8211; S\u0119dzis\u0142aw odje\u017cd\u017ca z Lubawki w pierwszym dniu nowego rozk\u0142adu jazdy, kiedy to uruchomiono na tej trasie 7 par poci\u0105g\u00f3w pasa\u017cerskich kursuj\u0105cych codziennie. Tak dobrej oferty nie widziano tu od ponad 20 lat. Niestety w mi\u0119dzyczasie infrastruktura pasa\u017cerska ca\u0142kowicie podupad\u0142a. Ju\u017c 15 lat wcze\u015bniej by\u0142o \u017ale, ale przynajmniej do poci\u0105gu [&hellip;]<\/p>\n","protected":false},"author":1,"featured_media":17125,"comment_status":"open","ping_status":"","sticky":false,"template":"","format":"standard","meta":{"footnotes":""},"categories":[2,156],"tags":[3804,92,933,402,173,1435,27,627],"class_list":["post-17124","post","type-post","status-publish","format-standard","has-post-thumbnail","hentry","category-kolej","category-rok-2018","tag-2018-12-09","tag-92","tag-gwtr","tag-kd","tag-koncowki","tag-lubawka","tag-polska","tag-tab-pl247"],"_links":{"self":[{"href":"https:\/\/wgphoto.pl\/t\/index.php?rest_route=\/wp\/v2\/posts\/17124","targetHints":{"allow":["GET"]}}],"collection":[{"href":"https:\/\/wgphoto.pl\/t\/index.php?rest_route=\/wp\/v2\/posts"}],"about":[{"href":"https:\/\/wgphoto.pl\/t\/index.php?rest_route=\/wp\/v2\/types\/post"}],"author":[{"embeddable":true,"href":"https:\/\/wgphoto.pl\/t\/index.php?rest_route=\/wp\/v2\/users\/1"}],"replies":[{"embeddable":true,"href":"https:\/\/wgphoto.pl\/t\/index.php?rest_route=%2Fwp%2Fv2%2Fcomments&post=17124"}],"version-history":[{"count":1,"href":"https:\/\/wgphoto.pl\/t\/index.php?rest_route=\/wp\/v2\/posts\/17124\/revisions"}],"predecessor-version":[{"id":17126,"href":"https:\/\/wgphoto.pl\/t\/index.php?rest_route=\/wp\/v2\/posts\/17124\/revisions\/17126"}],"wp:featuredmedia":[{"embeddable":true,"href":"https:\/\/wgphoto.pl\/t\/index.php?rest_route=\/wp\/v2\/media\/17125"}],"wp:attachment":[{"href":"https:\/\/wgphoto.pl\/t\/index.php?rest_route=%2Fwp%2Fv2%2Fmedia&parent=17124"}],"wp:term":[{"taxonomy":"category","embeddable":true,"href":"https:\/\/wgphoto.pl\/t\/index.php?rest_route=%2Fwp%2Fv2%2Fcategories&post=17124"},{"taxonomy":"post_tag","embeddable":true,"href":"https:\/\/wgphoto.pl\/t\/index.php?rest_route=%2Fwp%2Fv2%2Ftags&post=17124"}],"curies":[{"name":"wp","href":"https:\/\/api.w.org\/{rel}","templated":true}]}}