{"id":17152,"date":"2025-05-16T14:06:08","date_gmt":"2025-05-16T12:06:08","guid":{"rendered":"https:\/\/wgphoto.pl\/t\/?p=17152"},"modified":"2025-05-16T14:06:08","modified_gmt":"2025-05-16T12:06:08","slug":"tu-zaszly-zmiany-2","status":"publish","type":"post","link":"https:\/\/wgphoto.pl\/t\/?p=17152","title":{"rendered":"Tu zasz\u0142y zmiany"},"content":{"rendered":"\n<figure class=\"wp-block-image aligncenter size-full\"><img loading=\"lazy\" decoding=\"async\" width=\"1400\" height=\"906\" src=\"https:\/\/wgphoto.pl\/t\/wp-content\/uploads\/2025\/05\/0710-29_rsn.jpg\" alt=\"\" class=\"wp-image-17153\" srcset=\"https:\/\/wgphoto.pl\/t\/wp-content\/uploads\/2025\/05\/0710-29_rsn.jpg 1400w, https:\/\/wgphoto.pl\/t\/wp-content\/uploads\/2025\/05\/0710-29_rsn-300x194.jpg 300w, https:\/\/wgphoto.pl\/t\/wp-content\/uploads\/2025\/05\/0710-29_rsn-768x497.jpg 768w\" sizes=\"auto, (max-width: 1400px) 100vw, 1400px\" \/><\/figure>\n\n\n\n<div class=\"wp-block-group has-global-padding is-layout-constrained wp-block-group-is-layout-constrained\">\n<p>Wroc\u0142aw, ul. Pu\u0142askiego. 105Na 2467+2438 i 105NWr 2364+2363 mijaj\u0105 si\u0119 na odcinku, kt\u00f3ry kilka lat p\u00f3\u017aniej zosta\u0142 przeniesiony na lew\u0105 stron\u0119 jezdni w formie wydzielonej. Dodatkowo po lewej stronie wybudowano now\u0105 pierzej\u0119 wzd\u0142u\u017c ulicy; star\u0105 wyburzono na pocz\u0105tku obecnego stulecia jako skutek powodzi z 1997 roku. 12.05.2007<\/p>\n<\/div>\n","protected":false},"excerpt":{"rendered":"<p>Wroc\u0142aw, ul. Pu\u0142askiego. 105Na 2467+2438 i 105NWr 2364+2363 mijaj\u0105 si\u0119 na odcinku, kt\u00f3ry kilka lat p\u00f3\u017aniej zosta\u0142 przeniesiony na lew\u0105 stron\u0119 jezdni w formie wydzielonej. Dodatkowo po lewej stronie wybudowano now\u0105 pierzej\u0119 wzd\u0142u\u017c ulicy; star\u0105 wyburzono na pocz\u0105tku obecnego stulecia jako skutek powodzi z 1997 roku. 12.05.2007<\/p>\n","protected":false},"author":1,"featured_media":17153,"comment_status":"open","ping_status":"","sticky":false,"template":"","format":"standard","meta":{"footnotes":""},"categories":[62,96,3],"tags":[155,43,621,389,42,27,41],"class_list":["post-17152","post","type-post","status-publish","format-standard","has-post-thumbnail","hentry","category-analog","category-rok-2007","category-tramwaj","tag-105na","tag-105nwr","tag-2007-05-12","tag-mijanka","tag-mpk-wroclaw","tag-polska","tag-wroclaw"],"_links":{"self":[{"href":"https:\/\/wgphoto.pl\/t\/index.php?rest_route=\/wp\/v2\/posts\/17152","targetHints":{"allow":["GET"]}}],"collection":[{"href":"https:\/\/wgphoto.pl\/t\/index.php?rest_route=\/wp\/v2\/posts"}],"about":[{"href":"https:\/\/wgphoto.pl\/t\/index.php?rest_route=\/wp\/v2\/types\/post"}],"author":[{"embeddable":true,"href":"https:\/\/wgphoto.pl\/t\/index.php?rest_route=\/wp\/v2\/users\/1"}],"replies":[{"embeddable":true,"href":"https:\/\/wgphoto.pl\/t\/index.php?rest_route=%2Fwp%2Fv2%2Fcomments&post=17152"}],"version-history":[{"count":1,"href":"https:\/\/wgphoto.pl\/t\/index.php?rest_route=\/wp\/v2\/posts\/17152\/revisions"}],"predecessor-version":[{"id":17154,"href":"https:\/\/wgphoto.pl\/t\/index.php?rest_route=\/wp\/v2\/posts\/17152\/revisions\/17154"}],"wp:featuredmedia":[{"embeddable":true,"href":"https:\/\/wgphoto.pl\/t\/index.php?rest_route=\/wp\/v2\/media\/17153"}],"wp:attachment":[{"href":"https:\/\/wgphoto.pl\/t\/index.php?rest_route=%2Fwp%2Fv2%2Fmedia&parent=17152"}],"wp:term":[{"taxonomy":"category","embeddable":true,"href":"https:\/\/wgphoto.pl\/t\/index.php?rest_route=%2Fwp%2Fv2%2Fcategories&post=17152"},{"taxonomy":"post_tag","embeddable":true,"href":"https:\/\/wgphoto.pl\/t\/index.php?rest_route=%2Fwp%2Fv2%2Ftags&post=17152"}],"curies":[{"name":"wp","href":"https:\/\/api.w.org\/{rel}","templated":true}]}}