{"id":17155,"date":"2025-05-16T14:07:41","date_gmt":"2025-05-16T12:07:41","guid":{"rendered":"https:\/\/wgphoto.pl\/t\/?p=17155"},"modified":"2025-05-16T14:07:41","modified_gmt":"2025-05-16T12:07:41","slug":"dolni-bousov","status":"publish","type":"post","link":"https:\/\/wgphoto.pl\/t\/?p=17155","title":{"rendered":"Doln\u00ed Bousov"},"content":{"rendered":"\n<figure class=\"wp-block-image aligncenter size-full\"><img loading=\"lazy\" decoding=\"async\" width=\"1400\" height=\"937\" src=\"https:\/\/wgphoto.pl\/t\/wp-content\/uploads\/2025\/05\/IMGP8922.jpg\" alt=\"\" class=\"wp-image-17156\" srcset=\"https:\/\/wgphoto.pl\/t\/wp-content\/uploads\/2025\/05\/IMGP8922.jpg 1400w, https:\/\/wgphoto.pl\/t\/wp-content\/uploads\/2025\/05\/IMGP8922-300x201.jpg 300w, https:\/\/wgphoto.pl\/t\/wp-content\/uploads\/2025\/05\/IMGP8922-768x514.jpg 768w\" sizes=\"auto, (max-width: 1400px) 100vw, 1400px\" \/><\/figure>\n\n\n\n<div class=\"wp-block-group has-global-padding is-layout-constrained wp-block-group-is-layout-constrained\">\n<p>Na stacji zatrzyma\u0142 si\u0119 poci\u0105g 9552 (814+010) relacji Libu\u0148 &#8211; V\u0161etaty, a po prawej stoi Regionova, kt\u00f3ra par\u0119 minut wcze\u015bniej sko\u0144czy\u0142a bieg jako Os 16441 z Mladej Boleslavi m\u011bsta. Doln\u00ed Bousov by\u0142 pod\u00f3wczas czterokierunkowym w\u0119z\u0142em z g\u0142\u00f3wn\u0105 ofert\u0105 w osi Libu\u0148 &#8211; Mlad\u00e1 Boleslav, szcz\u0105tkow\u0105 ofert\u0105 do Bakova nad Jizerou (zaledwie 3 pary w dni robocze, z czego w\u0142a\u015bnie skorzysta\u0142em i dlatego w og\u00f3le si\u0119 tam znalaz\u0142em) oraz brakiem oferty do Kopidlna. Par\u0119 lat p\u00f3\u017aniej t\u0119 ostatni\u0105 lokalk\u0119 kupi\u0142o przedsi\u0119biorstwo A\u017dD Praha, specjalizuj\u0105ce si\u0119 w systemach SRK. Linia zosta\u0142a wyremontowana i prowadzone s\u0105 tam obecnie testy autonomicznych poci\u0105g\u00f3w na bazie popularnego motoraka 810 (to nie \u017cart \ud83d\ude42 ), co pozwoli\u0142o na powr\u00f3t wprawdzie homeopatycznego, ale jednak regularnego ruchu. 21.06.2012<\/p>\n<\/div>\n","protected":false},"excerpt":{"rendered":"<p>Na stacji zatrzyma\u0142 si\u0119 poci\u0105g 9552 (814+010) relacji Libu\u0148 &#8211; V\u0161etaty, a po prawej stoi Regionova, kt\u00f3ra par\u0119 minut wcze\u015bniej sko\u0144czy\u0142a bieg jako Os 16441 z Mladej Boleslavi m\u011bsta. Doln\u00ed Bousov by\u0142 pod\u00f3wczas czterokierunkowym w\u0119z\u0142em z g\u0142\u00f3wn\u0105 ofert\u0105 w osi Libu\u0148 &#8211; Mlad\u00e1 Boleslav, szcz\u0105tkow\u0105 ofert\u0105 do Bakova nad Jizerou (zaledwie 3 pary w dni [&hellip;]<\/p>\n","protected":false},"author":1,"featured_media":17156,"comment_status":"open","ping_status":"","sticky":false,"template":"","format":"standard","meta":{"footnotes":""},"categories":[2,46],"tags":[2788,211,50,49,3807,196,1874,231],"class_list":["post-17155","post","type-post","status-publish","format-standard","has-post-thumbnail","hentry","category-kolej","category-rok-2012","tag-2012-06-21","tag-211","tag-cd","tag-czechy","tag-dolni-bousov","tag-linie-raczej-lokalne","tag-tab-cz064","tag-wieza-cisnien"],"_links":{"self":[{"href":"https:\/\/wgphoto.pl\/t\/index.php?rest_route=\/wp\/v2\/posts\/17155","targetHints":{"allow":["GET"]}}],"collection":[{"href":"https:\/\/wgphoto.pl\/t\/index.php?rest_route=\/wp\/v2\/posts"}],"about":[{"href":"https:\/\/wgphoto.pl\/t\/index.php?rest_route=\/wp\/v2\/types\/post"}],"author":[{"embeddable":true,"href":"https:\/\/wgphoto.pl\/t\/index.php?rest_route=\/wp\/v2\/users\/1"}],"replies":[{"embeddable":true,"href":"https:\/\/wgphoto.pl\/t\/index.php?rest_route=%2Fwp%2Fv2%2Fcomments&post=17155"}],"version-history":[{"count":1,"href":"https:\/\/wgphoto.pl\/t\/index.php?rest_route=\/wp\/v2\/posts\/17155\/revisions"}],"predecessor-version":[{"id":17157,"href":"https:\/\/wgphoto.pl\/t\/index.php?rest_route=\/wp\/v2\/posts\/17155\/revisions\/17157"}],"wp:featuredmedia":[{"embeddable":true,"href":"https:\/\/wgphoto.pl\/t\/index.php?rest_route=\/wp\/v2\/media\/17156"}],"wp:attachment":[{"href":"https:\/\/wgphoto.pl\/t\/index.php?rest_route=%2Fwp%2Fv2%2Fmedia&parent=17155"}],"wp:term":[{"taxonomy":"category","embeddable":true,"href":"https:\/\/wgphoto.pl\/t\/index.php?rest_route=%2Fwp%2Fv2%2Fcategories&post=17155"},{"taxonomy":"post_tag","embeddable":true,"href":"https:\/\/wgphoto.pl\/t\/index.php?rest_route=%2Fwp%2Fv2%2Ftags&post=17155"}],"curies":[{"name":"wp","href":"https:\/\/api.w.org\/{rel}","templated":true}]}}