{"id":17162,"date":"2025-05-24T11:11:37","date_gmt":"2025-05-24T09:11:37","guid":{"rendered":"https:\/\/wgphoto.pl\/t\/?p=17162"},"modified":"2025-05-24T11:11:37","modified_gmt":"2025-05-24T09:11:37","slug":"102na-2034","status":"publish","type":"post","link":"https:\/\/wgphoto.pl\/t\/?p=17162","title":{"rendered":"102Na 2034"},"content":{"rendered":"\n<figure class=\"wp-block-image aligncenter size-full\"><img loading=\"lazy\" decoding=\"async\" width=\"1055\" height=\"700\" src=\"https:\/\/wgphoto.pl\/t\/wp-content\/uploads\/2025\/05\/0629-32a.jpg\" alt=\"\" class=\"wp-image-17163\" srcset=\"https:\/\/wgphoto.pl\/t\/wp-content\/uploads\/2025\/05\/0629-32a.jpg 1055w, https:\/\/wgphoto.pl\/t\/wp-content\/uploads\/2025\/05\/0629-32a-300x199.jpg 300w, https:\/\/wgphoto.pl\/t\/wp-content\/uploads\/2025\/05\/0629-32a-768x510.jpg 768w\" sizes=\"auto, (max-width: 1055px) 100vw, 1055px\" \/><\/figure>\n\n\n\n<div class=\"wp-block-group has-global-padding is-layout-constrained wp-block-group-is-layout-constrained\">\n<p>Wroc\u0142aw, ul. W\u0142adys\u0142awa Jagie\u0142\u0142y. O\u015bwietlony budynek widoczny w tle to hurtownia ozd\u00f3b choinkowych, obecnie przeniesiona w inne miejsce, lecz wci\u0105\u017c lansuj\u0105ca si\u0119 trudnym do przeoczenia o\u015bwietleniem. 30.12.2006<\/p>\n<\/div>\n","protected":false},"excerpt":{"rendered":"<p>Wroc\u0142aw, ul. W\u0142adys\u0142awa Jagie\u0142\u0142y. O\u015bwietlony budynek widoczny w tle to hurtownia ozd\u00f3b choinkowych, obecnie przeniesiona w inne miejsce, lecz wci\u0105\u017c lansuj\u0105ca si\u0119 trudnym do przeoczenia o\u015bwietleniem. 30.12.2006<\/p>\n","protected":false},"author":1,"featured_media":17163,"comment_status":"open","ping_status":"","sticky":false,"template":"","format":"standard","meta":{"footnotes":""},"categories":[62,130,3],"tags":[3809,309,42,154,27,1491,41],"class_list":["post-17162","post","type-post","status-publish","format-standard","has-post-thumbnail","hentry","category-analog","category-rok-2006","category-tramwaj","tag-2006-12-30","tag-konstal-102na","tag-mpk-wroclaw","tag-noc","tag-polska","tag-swiateczne-akcenty","tag-wroclaw"],"_links":{"self":[{"href":"https:\/\/wgphoto.pl\/t\/index.php?rest_route=\/wp\/v2\/posts\/17162","targetHints":{"allow":["GET"]}}],"collection":[{"href":"https:\/\/wgphoto.pl\/t\/index.php?rest_route=\/wp\/v2\/posts"}],"about":[{"href":"https:\/\/wgphoto.pl\/t\/index.php?rest_route=\/wp\/v2\/types\/post"}],"author":[{"embeddable":true,"href":"https:\/\/wgphoto.pl\/t\/index.php?rest_route=\/wp\/v2\/users\/1"}],"replies":[{"embeddable":true,"href":"https:\/\/wgphoto.pl\/t\/index.php?rest_route=%2Fwp%2Fv2%2Fcomments&post=17162"}],"version-history":[{"count":1,"href":"https:\/\/wgphoto.pl\/t\/index.php?rest_route=\/wp\/v2\/posts\/17162\/revisions"}],"predecessor-version":[{"id":17164,"href":"https:\/\/wgphoto.pl\/t\/index.php?rest_route=\/wp\/v2\/posts\/17162\/revisions\/17164"}],"wp:featuredmedia":[{"embeddable":true,"href":"https:\/\/wgphoto.pl\/t\/index.php?rest_route=\/wp\/v2\/media\/17163"}],"wp:attachment":[{"href":"https:\/\/wgphoto.pl\/t\/index.php?rest_route=%2Fwp%2Fv2%2Fmedia&parent=17162"}],"wp:term":[{"taxonomy":"category","embeddable":true,"href":"https:\/\/wgphoto.pl\/t\/index.php?rest_route=%2Fwp%2Fv2%2Fcategories&post=17162"},{"taxonomy":"post_tag","embeddable":true,"href":"https:\/\/wgphoto.pl\/t\/index.php?rest_route=%2Fwp%2Fv2%2Ftags&post=17162"}],"curies":[{"name":"wp","href":"https:\/\/api.w.org\/{rel}","templated":true}]}}