{"id":17165,"date":"2025-05-24T11:12:44","date_gmt":"2025-05-24T09:12:44","guid":{"rendered":"https:\/\/wgphoto.pl\/t\/?p=17165"},"modified":"2025-11-10T11:45:53","modified_gmt":"2025-11-10T10:45:53","slug":"znowu-102na-2034","status":"publish","type":"post","link":"https:\/\/wgphoto.pl\/t\/?p=17165","title":{"rendered":"Znowu 102Na 2034"},"content":{"rendered":"\n<figure class=\"wp-block-image aligncenter size-full\"><img loading=\"lazy\" decoding=\"async\" width=\"1400\" height=\"914\" src=\"https:\/\/wgphoto.pl\/t\/wp-content\/uploads\/2025\/05\/0822-22.jpg\" alt=\"\" class=\"wp-image-22320\" srcset=\"https:\/\/wgphoto.pl\/t\/wp-content\/uploads\/2025\/05\/0822-22.jpg 1400w, https:\/\/wgphoto.pl\/t\/wp-content\/uploads\/2025\/05\/0822-22-300x196.jpg 300w, https:\/\/wgphoto.pl\/t\/wp-content\/uploads\/2025\/05\/0822-22-768x501.jpg 768w\" sizes=\"auto, (max-width: 1400px) 100vw, 1400px\" \/><\/figure>\n\n\n\n<div class=\"wp-block-group has-global-padding is-layout-constrained wp-block-group-is-layout-constrained\">\n<p>Wroc\u0142aw, ul. \u015awidnicka. 102Na 2034, ten sam co na poprzednim zdj\u0119ciu, dwa lata p\u00f3\u017aniej wo\u017c\u0105cy wci\u0105\u017c t\u0119 sam\u0105 reklam\u0119, tym razem wyjecha\u0142 na lini\u0119 14. 20 lub 21.12.2008<\/p>\n<\/div>\n","protected":false},"excerpt":{"rendered":"<p>Wroc\u0142aw, ul. \u015awidnicka. 102Na 2034, ten sam co na poprzednim zdj\u0119ciu, dwa lata p\u00f3\u017aniej wo\u017c\u0105cy wci\u0105\u017c t\u0119 sam\u0105 reklam\u0119, tym razem wyjecha\u0142 na lini\u0119 14. 20 lub 21.12.2008<\/p>\n","protected":false},"author":1,"featured_media":22320,"comment_status":"open","ping_status":"","sticky":false,"template":"","format":"standard","meta":{"footnotes":""},"categories":[62,120,3],"tags":[3810,309,42,154,27,1491,41],"class_list":["post-17165","post","type-post","status-publish","format-standard","has-post-thumbnail","hentry","category-analog","category-rok-2008","category-tramwaj","tag-2008-12-21","tag-konstal-102na","tag-mpk-wroclaw","tag-noc","tag-polska","tag-swiateczne-akcenty","tag-wroclaw"],"_links":{"self":[{"href":"https:\/\/wgphoto.pl\/t\/index.php?rest_route=\/wp\/v2\/posts\/17165","targetHints":{"allow":["GET"]}}],"collection":[{"href":"https:\/\/wgphoto.pl\/t\/index.php?rest_route=\/wp\/v2\/posts"}],"about":[{"href":"https:\/\/wgphoto.pl\/t\/index.php?rest_route=\/wp\/v2\/types\/post"}],"author":[{"embeddable":true,"href":"https:\/\/wgphoto.pl\/t\/index.php?rest_route=\/wp\/v2\/users\/1"}],"replies":[{"embeddable":true,"href":"https:\/\/wgphoto.pl\/t\/index.php?rest_route=%2Fwp%2Fv2%2Fcomments&post=17165"}],"version-history":[{"count":2,"href":"https:\/\/wgphoto.pl\/t\/index.php?rest_route=\/wp\/v2\/posts\/17165\/revisions"}],"predecessor-version":[{"id":22321,"href":"https:\/\/wgphoto.pl\/t\/index.php?rest_route=\/wp\/v2\/posts\/17165\/revisions\/22321"}],"wp:featuredmedia":[{"embeddable":true,"href":"https:\/\/wgphoto.pl\/t\/index.php?rest_route=\/wp\/v2\/media\/22320"}],"wp:attachment":[{"href":"https:\/\/wgphoto.pl\/t\/index.php?rest_route=%2Fwp%2Fv2%2Fmedia&parent=17165"}],"wp:term":[{"taxonomy":"category","embeddable":true,"href":"https:\/\/wgphoto.pl\/t\/index.php?rest_route=%2Fwp%2Fv2%2Fcategories&post=17165"},{"taxonomy":"post_tag","embeddable":true,"href":"https:\/\/wgphoto.pl\/t\/index.php?rest_route=%2Fwp%2Fv2%2Ftags&post=17165"}],"curies":[{"name":"wp","href":"https:\/\/api.w.org\/{rel}","templated":true}]}}