{"id":17180,"date":"2025-05-24T11:18:12","date_gmt":"2025-05-24T09:18:12","guid":{"rendered":"https:\/\/wgphoto.pl\/t\/?p=17180"},"modified":"2025-05-24T11:18:12","modified_gmt":"2025-05-24T09:18:12","slug":"za-malo","status":"publish","type":"post","link":"https:\/\/wgphoto.pl\/t\/?p=17180","title":{"rendered":"Za ma\u0142o"},"content":{"rendered":"\n<figure class=\"wp-block-image aligncenter size-full\"><img loading=\"lazy\" decoding=\"async\" width=\"1200\" height=\"803\" src=\"https:\/\/wgphoto.pl\/t\/wp-content\/uploads\/2025\/05\/IMGP6849.jpg\" alt=\"\" class=\"wp-image-17181\" srcset=\"https:\/\/wgphoto.pl\/t\/wp-content\/uploads\/2025\/05\/IMGP6849.jpg 1200w, https:\/\/wgphoto.pl\/t\/wp-content\/uploads\/2025\/05\/IMGP6849-300x201.jpg 300w, https:\/\/wgphoto.pl\/t\/wp-content\/uploads\/2025\/05\/IMGP6849-768x514.jpg 768w\" sizes=\"auto, (max-width: 1200px) 100vw, 1200px\" \/><\/figure>\n\n\n\n<div class=\"wp-block-group has-global-padding is-layout-constrained wp-block-group-is-layout-constrained\">\n<p>Wroc\u0142aw, zajezdnia Borek przy porannych wyjazdach. Jak si\u0119 dobrze trafi\u0142o, to jednakowych sk\u00f3d, jednakowo wysuni\u0119tych poza hal\u0119 (na tyle by roz\u0142o\u017cy\u0107 prawe lustro za bram\u0105) sta\u0142o obok siebie wi\u0119cej, ale nigdy nie trafi\u0142em tego z aparatem. 09.03.2012<\/p>\n<\/div>\n","protected":false},"excerpt":{"rendered":"<p>Wroc\u0142aw, zajezdnia Borek przy porannych wyjazdach. Jak si\u0119 dobrze trafi\u0142o, to jednakowych sk\u00f3d, jednakowo wysuni\u0119tych poza hal\u0119 (na tyle by roz\u0142o\u017cy\u0107 prawe lustro za bram\u0105) sta\u0142o obok siebie wi\u0119cej, ale nigdy nie trafi\u0142em tego z aparatem. 09.03.2012<\/p>\n","protected":false},"author":1,"featured_media":17181,"comment_status":"open","ping_status":"","sticky":false,"template":"","format":"standard","meta":{"footnotes":""},"categories":[46,3],"tags":[3813,42,154,27,1493,216,439,41,138],"class_list":["post-17180","post","type-post","status-publish","format-standard","has-post-thumbnail","hentry","category-rok-2012","category-tramwaj","tag-2012-03-09","tag-mpk-wroclaw","tag-noc","tag-polska","tag-skoda-19t","tag-skoda-elektra","tag-we-fabryce","tag-wroclaw","tag-zajezdnia"],"_links":{"self":[{"href":"https:\/\/wgphoto.pl\/t\/index.php?rest_route=\/wp\/v2\/posts\/17180","targetHints":{"allow":["GET"]}}],"collection":[{"href":"https:\/\/wgphoto.pl\/t\/index.php?rest_route=\/wp\/v2\/posts"}],"about":[{"href":"https:\/\/wgphoto.pl\/t\/index.php?rest_route=\/wp\/v2\/types\/post"}],"author":[{"embeddable":true,"href":"https:\/\/wgphoto.pl\/t\/index.php?rest_route=\/wp\/v2\/users\/1"}],"replies":[{"embeddable":true,"href":"https:\/\/wgphoto.pl\/t\/index.php?rest_route=%2Fwp%2Fv2%2Fcomments&post=17180"}],"version-history":[{"count":1,"href":"https:\/\/wgphoto.pl\/t\/index.php?rest_route=\/wp\/v2\/posts\/17180\/revisions"}],"predecessor-version":[{"id":17182,"href":"https:\/\/wgphoto.pl\/t\/index.php?rest_route=\/wp\/v2\/posts\/17180\/revisions\/17182"}],"wp:featuredmedia":[{"embeddable":true,"href":"https:\/\/wgphoto.pl\/t\/index.php?rest_route=\/wp\/v2\/media\/17181"}],"wp:attachment":[{"href":"https:\/\/wgphoto.pl\/t\/index.php?rest_route=%2Fwp%2Fv2%2Fmedia&parent=17180"}],"wp:term":[{"taxonomy":"category","embeddable":true,"href":"https:\/\/wgphoto.pl\/t\/index.php?rest_route=%2Fwp%2Fv2%2Fcategories&post=17180"},{"taxonomy":"post_tag","embeddable":true,"href":"https:\/\/wgphoto.pl\/t\/index.php?rest_route=%2Fwp%2Fv2%2Ftags&post=17180"}],"curies":[{"name":"wp","href":"https:\/\/api.w.org\/{rel}","templated":true}]}}