{"id":17183,"date":"2025-05-24T11:19:00","date_gmt":"2025-05-24T09:19:00","guid":{"rendered":"https:\/\/wgphoto.pl\/t\/?p=17183"},"modified":"2025-05-24T11:19:00","modified_gmt":"2025-05-24T09:19:00","slug":"tramwaj-na-wymiar","status":"publish","type":"post","link":"https:\/\/wgphoto.pl\/t\/?p=17183","title":{"rendered":"Tramwaj na wymiar"},"content":{"rendered":"\n<figure class=\"wp-block-image aligncenter size-full\"><img loading=\"lazy\" decoding=\"async\" width=\"1200\" height=\"803\" src=\"https:\/\/wgphoto.pl\/t\/wp-content\/uploads\/2025\/05\/IMGP6799.jpg\" alt=\"\" class=\"wp-image-17184\" srcset=\"https:\/\/wgphoto.pl\/t\/wp-content\/uploads\/2025\/05\/IMGP6799.jpg 1200w, https:\/\/wgphoto.pl\/t\/wp-content\/uploads\/2025\/05\/IMGP6799-300x201.jpg 300w, https:\/\/wgphoto.pl\/t\/wp-content\/uploads\/2025\/05\/IMGP6799-768x514.jpg 768w\" sizes=\"auto, (max-width: 1200px) 100vw, 1200px\" \/><\/figure>\n\n\n\n<div class=\"wp-block-group has-global-padding is-layout-constrained wp-block-group-is-layout-constrained\">\n<p>Bez\u015bnie\u017cna zima w okolicy mostu Szczytnickiego we Wroc\u0142awiu. 02.03.2012<\/p>\n<\/div>\n","protected":false},"excerpt":{"rendered":"<p>Bez\u015bnie\u017cna zima w okolicy mostu Szczytnickiego we Wroc\u0142awiu. 02.03.2012<\/p>\n","protected":false},"author":1,"featured_media":17184,"comment_status":"open","ping_status":"","sticky":false,"template":"","format":"standard","meta":{"footnotes":""},"categories":[46,3],"tags":[3814,45,42,27,73,1493,216,41],"class_list":["post-17183","post","type-post","status-publish","format-standard","has-post-thumbnail","hentry","category-rok-2012","category-tramwaj","tag-2012-03-02","tag-most","tag-mpk-wroclaw","tag-polska","tag-rzeka","tag-skoda-19t","tag-skoda-elektra","tag-wroclaw"],"_links":{"self":[{"href":"https:\/\/wgphoto.pl\/t\/index.php?rest_route=\/wp\/v2\/posts\/17183","targetHints":{"allow":["GET"]}}],"collection":[{"href":"https:\/\/wgphoto.pl\/t\/index.php?rest_route=\/wp\/v2\/posts"}],"about":[{"href":"https:\/\/wgphoto.pl\/t\/index.php?rest_route=\/wp\/v2\/types\/post"}],"author":[{"embeddable":true,"href":"https:\/\/wgphoto.pl\/t\/index.php?rest_route=\/wp\/v2\/users\/1"}],"replies":[{"embeddable":true,"href":"https:\/\/wgphoto.pl\/t\/index.php?rest_route=%2Fwp%2Fv2%2Fcomments&post=17183"}],"version-history":[{"count":1,"href":"https:\/\/wgphoto.pl\/t\/index.php?rest_route=\/wp\/v2\/posts\/17183\/revisions"}],"predecessor-version":[{"id":17185,"href":"https:\/\/wgphoto.pl\/t\/index.php?rest_route=\/wp\/v2\/posts\/17183\/revisions\/17185"}],"wp:featuredmedia":[{"embeddable":true,"href":"https:\/\/wgphoto.pl\/t\/index.php?rest_route=\/wp\/v2\/media\/17184"}],"wp:attachment":[{"href":"https:\/\/wgphoto.pl\/t\/index.php?rest_route=%2Fwp%2Fv2%2Fmedia&parent=17183"}],"wp:term":[{"taxonomy":"category","embeddable":true,"href":"https:\/\/wgphoto.pl\/t\/index.php?rest_route=%2Fwp%2Fv2%2Fcategories&post=17183"},{"taxonomy":"post_tag","embeddable":true,"href":"https:\/\/wgphoto.pl\/t\/index.php?rest_route=%2Fwp%2Fv2%2Ftags&post=17183"}],"curies":[{"name":"wp","href":"https:\/\/api.w.org\/{rel}","templated":true}]}}