{"id":17186,"date":"2025-05-24T11:20:08","date_gmt":"2025-05-24T09:20:08","guid":{"rendered":"https:\/\/wgphoto.pl\/t\/?p=17186"},"modified":"2025-05-24T11:20:08","modified_gmt":"2025-05-24T09:20:08","slug":"chur-o-zmierzchu","status":"publish","type":"post","link":"https:\/\/wgphoto.pl\/t\/?p=17186","title":{"rendered":"Chur o zmierzchu"},"content":{"rendered":"\n<figure class=\"wp-block-image aligncenter size-full\"><img loading=\"lazy\" decoding=\"async\" width=\"1300\" height=\"861\" src=\"https:\/\/wgphoto.pl\/t\/wp-content\/uploads\/2025\/05\/IMGP8223.jpg\" alt=\"\" class=\"wp-image-17187\" srcset=\"https:\/\/wgphoto.pl\/t\/wp-content\/uploads\/2025\/05\/IMGP8223.jpg 1300w, https:\/\/wgphoto.pl\/t\/wp-content\/uploads\/2025\/05\/IMGP8223-300x199.jpg 300w, https:\/\/wgphoto.pl\/t\/wp-content\/uploads\/2025\/05\/IMGP8223-768x509.jpg 768w\" sizes=\"auto, (max-width: 1300px) 100vw, 1300px\" \/><\/figure>\n\n\n\n<div class=\"wp-block-group has-global-padding is-layout-constrained wp-block-group-is-layout-constrained\">\n<p>Ekspres regionalny do Zurychu za par\u0119 minut odjedzie ze stacji pocz\u0105tkowej. Mimo \u017ce w kadrze jest niewiele \u015bniegu (tylko na szczytach g\u00f3r), taki obrazek jako\u015b kojarzy mi si\u0119 z zim\u0105 za spraw\u0105 miasta po\u0142o\u017conego na zboczach g\u00f3r oraz sk\u0105pego \u015bwiat\u0142a zmierzchu. I nawet spory udzia\u0142 dach\u00f3w w kadrze nie przeszkadza mi zupe\u0142nie, bo w takim \u015bwietle wszystko by\u0142oby jednakowo niebieskie. 25.03.2018<\/p>\n<\/div>\n","protected":false},"excerpt":{"rendered":"<p>Ekspres regionalny do Zurychu za par\u0119 minut odjedzie ze stacji pocz\u0105tkowej. Mimo \u017ce w kadrze jest niewiele \u015bniegu (tylko na szczytach g\u00f3r), taki obrazek jako\u015b kojarzy mi si\u0119 z zim\u0105 za spraw\u0105 miasta po\u0142o\u017conego na zboczach g\u00f3r oraz sk\u0105pego \u015bwiat\u0142a zmierzchu. I nawet spory udzia\u0142 dach\u00f3w w kadrze nie przeszkadza mi zupe\u0142nie, bo w takim [&hellip;]<\/p>\n","protected":false},"author":1,"featured_media":17187,"comment_status":"open","ping_status":"","sticky":false,"template":"","format":"standard","meta":{"footnotes":""},"categories":[2,156],"tags":[1063,91,2357,114,173,1059,3815,183,186],"class_list":["post-17186","post","type-post","status-publish","format-standard","has-post-thumbnail","hentry","category-kolej","category-rok-2018","tag-2018-03-25","tag-blue-hour","tag-chur","tag-gory","tag-koncowki","tag-sbb","tag-stadler-kiss","tag-suissetrip-2018","tag-szwajcaria"],"_links":{"self":[{"href":"https:\/\/wgphoto.pl\/t\/index.php?rest_route=\/wp\/v2\/posts\/17186","targetHints":{"allow":["GET"]}}],"collection":[{"href":"https:\/\/wgphoto.pl\/t\/index.php?rest_route=\/wp\/v2\/posts"}],"about":[{"href":"https:\/\/wgphoto.pl\/t\/index.php?rest_route=\/wp\/v2\/types\/post"}],"author":[{"embeddable":true,"href":"https:\/\/wgphoto.pl\/t\/index.php?rest_route=\/wp\/v2\/users\/1"}],"replies":[{"embeddable":true,"href":"https:\/\/wgphoto.pl\/t\/index.php?rest_route=%2Fwp%2Fv2%2Fcomments&post=17186"}],"version-history":[{"count":1,"href":"https:\/\/wgphoto.pl\/t\/index.php?rest_route=\/wp\/v2\/posts\/17186\/revisions"}],"predecessor-version":[{"id":17188,"href":"https:\/\/wgphoto.pl\/t\/index.php?rest_route=\/wp\/v2\/posts\/17186\/revisions\/17188"}],"wp:featuredmedia":[{"embeddable":true,"href":"https:\/\/wgphoto.pl\/t\/index.php?rest_route=\/wp\/v2\/media\/17187"}],"wp:attachment":[{"href":"https:\/\/wgphoto.pl\/t\/index.php?rest_route=%2Fwp%2Fv2%2Fmedia&parent=17186"}],"wp:term":[{"taxonomy":"category","embeddable":true,"href":"https:\/\/wgphoto.pl\/t\/index.php?rest_route=%2Fwp%2Fv2%2Fcategories&post=17186"},{"taxonomy":"post_tag","embeddable":true,"href":"https:\/\/wgphoto.pl\/t\/index.php?rest_route=%2Fwp%2Fv2%2Ftags&post=17186"}],"curies":[{"name":"wp","href":"https:\/\/api.w.org\/{rel}","templated":true}]}}