{"id":17192,"date":"2025-05-24T11:22:05","date_gmt":"2025-05-24T09:22:05","guid":{"rendered":"https:\/\/wgphoto.pl\/t\/?p=17192"},"modified":"2025-05-24T11:22:05","modified_gmt":"2025-05-24T09:22:05","slug":"lany-po-horyzont","status":"publish","type":"post","link":"https:\/\/wgphoto.pl\/t\/?p=17192","title":{"rendered":"\u0141any po horyzont"},"content":{"rendered":"\n<figure class=\"wp-block-image aligncenter size-full\"><img loading=\"lazy\" decoding=\"async\" width=\"1200\" height=\"795\" src=\"https:\/\/wgphoto.pl\/t\/wp-content\/uploads\/2025\/05\/IMGP9762.jpg\" alt=\"\" class=\"wp-image-17193\" srcset=\"https:\/\/wgphoto.pl\/t\/wp-content\/uploads\/2025\/05\/IMGP9762.jpg 1200w, https:\/\/wgphoto.pl\/t\/wp-content\/uploads\/2025\/05\/IMGP9762-300x199.jpg 300w, https:\/\/wgphoto.pl\/t\/wp-content\/uploads\/2025\/05\/IMGP9762-768x509.jpg 768w\" sizes=\"auto, (max-width: 1200px) 100vw, 1200px\" \/><\/figure>\n\n\n\n<div class=\"wp-block-group has-global-padding is-layout-constrained wp-block-group-is-layout-constrained\">\n<p>SA139-010 jedzie szlakiem Jaworzyna \u015al\u0105ska &#8211; \u017bar\u00f3w jako poci\u0105g z Dzier\u017coniowa do Wroc\u0142awia. 29.06.2018<\/p>\n<\/div>\n","protected":false},"excerpt":{"rendered":"<p>SA139-010 jedzie szlakiem Jaworzyna \u015al\u0105ska &#8211; \u017bar\u00f3w jako poci\u0105g z Dzier\u017coniowa do Wroc\u0142awia. 29.06.2018<\/p>\n","protected":false},"author":1,"featured_media":17193,"comment_status":"open","ping_status":"","sticky":false,"template":"","format":"standard","meta":{"footnotes":""},"categories":[2,156],"tags":[3778,366,402,658,27,200,2052],"class_list":["post-17192","post","type-post","status-publish","format-standard","has-post-thumbnail","hentry","category-kolej","category-rok-2018","tag-2018-06-29","tag-jaworzyna-slaska","tag-kd","tag-pesa-link","tag-polska","tag-tab-pl240","tag-zarow"],"_links":{"self":[{"href":"https:\/\/wgphoto.pl\/t\/index.php?rest_route=\/wp\/v2\/posts\/17192","targetHints":{"allow":["GET"]}}],"collection":[{"href":"https:\/\/wgphoto.pl\/t\/index.php?rest_route=\/wp\/v2\/posts"}],"about":[{"href":"https:\/\/wgphoto.pl\/t\/index.php?rest_route=\/wp\/v2\/types\/post"}],"author":[{"embeddable":true,"href":"https:\/\/wgphoto.pl\/t\/index.php?rest_route=\/wp\/v2\/users\/1"}],"replies":[{"embeddable":true,"href":"https:\/\/wgphoto.pl\/t\/index.php?rest_route=%2Fwp%2Fv2%2Fcomments&post=17192"}],"version-history":[{"count":1,"href":"https:\/\/wgphoto.pl\/t\/index.php?rest_route=\/wp\/v2\/posts\/17192\/revisions"}],"predecessor-version":[{"id":17194,"href":"https:\/\/wgphoto.pl\/t\/index.php?rest_route=\/wp\/v2\/posts\/17192\/revisions\/17194"}],"wp:featuredmedia":[{"embeddable":true,"href":"https:\/\/wgphoto.pl\/t\/index.php?rest_route=\/wp\/v2\/media\/17193"}],"wp:attachment":[{"href":"https:\/\/wgphoto.pl\/t\/index.php?rest_route=%2Fwp%2Fv2%2Fmedia&parent=17192"}],"wp:term":[{"taxonomy":"category","embeddable":true,"href":"https:\/\/wgphoto.pl\/t\/index.php?rest_route=%2Fwp%2Fv2%2Fcategories&post=17192"},{"taxonomy":"post_tag","embeddable":true,"href":"https:\/\/wgphoto.pl\/t\/index.php?rest_route=%2Fwp%2Fv2%2Ftags&post=17192"}],"curies":[{"name":"wp","href":"https:\/\/api.w.org\/{rel}","templated":true}]}}