{"id":17198,"date":"2025-05-24T11:24:11","date_gmt":"2025-05-24T09:24:11","guid":{"rendered":"https:\/\/wgphoto.pl\/t\/?p=17198"},"modified":"2025-05-24T11:24:11","modified_gmt":"2025-05-24T09:24:11","slug":"tu-tez-pelen-relaks","status":"publish","type":"post","link":"https:\/\/wgphoto.pl\/t\/?p=17198","title":{"rendered":"Tu te\u017c pe\u0142en relaks"},"content":{"rendered":"\n<figure class=\"wp-block-image aligncenter size-full\"><img loading=\"lazy\" decoding=\"async\" width=\"1200\" height=\"795\" src=\"https:\/\/wgphoto.pl\/t\/wp-content\/uploads\/2025\/05\/IMGP9547.jpg\" alt=\"\" class=\"wp-image-17199\" srcset=\"https:\/\/wgphoto.pl\/t\/wp-content\/uploads\/2025\/05\/IMGP9547.jpg 1200w, https:\/\/wgphoto.pl\/t\/wp-content\/uploads\/2025\/05\/IMGP9547-300x199.jpg 300w, https:\/\/wgphoto.pl\/t\/wp-content\/uploads\/2025\/05\/IMGP9547-768x509.jpg 768w\" sizes=\"auto, (max-width: 1200px) 100vw, 1200px\" \/><\/figure>\n\n\n\n<div class=\"wp-block-group has-global-padding is-layout-constrained wp-block-group-is-layout-constrained\">\n<p>Typowy szwedzki wagon w cz\u0119\u015bci przedzia\u0142owej. 21.01.2015<\/p>\n<\/div>\n","protected":false},"excerpt":{"rendered":"<p>Typowy szwedzki wagon w cz\u0119\u015bci przedzia\u0142owej. 21.01.2015<\/p>\n","protected":false},"author":1,"featured_media":17199,"comment_status":"open","ping_status":"","sticky":false,"template":"","format":"standard","meta":{"footnotes":""},"categories":[220,2,104],"tags":[2528,154,1372,2529,685,265,454],"class_list":["post-17198","post","type-post","status-publish","format-standard","has-post-thumbnail","hentry","category-blo","category-kolej","category-rok-2015","tag-2015-01-21","tag-noc","tag-sj","tag-sztokholm-2015","tag-szwecja","tag-wagon","tag-wnetrza-pojazdow"],"_links":{"self":[{"href":"https:\/\/wgphoto.pl\/t\/index.php?rest_route=\/wp\/v2\/posts\/17198","targetHints":{"allow":["GET"]}}],"collection":[{"href":"https:\/\/wgphoto.pl\/t\/index.php?rest_route=\/wp\/v2\/posts"}],"about":[{"href":"https:\/\/wgphoto.pl\/t\/index.php?rest_route=\/wp\/v2\/types\/post"}],"author":[{"embeddable":true,"href":"https:\/\/wgphoto.pl\/t\/index.php?rest_route=\/wp\/v2\/users\/1"}],"replies":[{"embeddable":true,"href":"https:\/\/wgphoto.pl\/t\/index.php?rest_route=%2Fwp%2Fv2%2Fcomments&post=17198"}],"version-history":[{"count":1,"href":"https:\/\/wgphoto.pl\/t\/index.php?rest_route=\/wp\/v2\/posts\/17198\/revisions"}],"predecessor-version":[{"id":17200,"href":"https:\/\/wgphoto.pl\/t\/index.php?rest_route=\/wp\/v2\/posts\/17198\/revisions\/17200"}],"wp:featuredmedia":[{"embeddable":true,"href":"https:\/\/wgphoto.pl\/t\/index.php?rest_route=\/wp\/v2\/media\/17199"}],"wp:attachment":[{"href":"https:\/\/wgphoto.pl\/t\/index.php?rest_route=%2Fwp%2Fv2%2Fmedia&parent=17198"}],"wp:term":[{"taxonomy":"category","embeddable":true,"href":"https:\/\/wgphoto.pl\/t\/index.php?rest_route=%2Fwp%2Fv2%2Fcategories&post=17198"},{"taxonomy":"post_tag","embeddable":true,"href":"https:\/\/wgphoto.pl\/t\/index.php?rest_route=%2Fwp%2Fv2%2Ftags&post=17198"}],"curies":[{"name":"wp","href":"https:\/\/api.w.org\/{rel}","templated":true}]}}