{"id":17216,"date":"2025-05-24T11:32:18","date_gmt":"2025-05-24T09:32:18","guid":{"rendered":"https:\/\/wgphoto.pl\/t\/?p=17216"},"modified":"2025-08-09T13:10:51","modified_gmt":"2025-08-09T11:10:51","slug":"harmonia","status":"publish","type":"post","link":"https:\/\/wgphoto.pl\/t\/?p=17216","title":{"rendered":"Harmonia"},"content":{"rendered":"\n<figure class=\"wp-block-image aligncenter size-full\"><img loading=\"lazy\" decoding=\"async\" width=\"1200\" height=\"803\" src=\"https:\/\/wgphoto.pl\/t\/wp-content\/uploads\/2025\/05\/IMGP7379.jpg\" alt=\"\" class=\"wp-image-17217\" srcset=\"https:\/\/wgphoto.pl\/t\/wp-content\/uploads\/2025\/05\/IMGP7379.jpg 1200w, https:\/\/wgphoto.pl\/t\/wp-content\/uploads\/2025\/05\/IMGP7379-300x201.jpg 300w, https:\/\/wgphoto.pl\/t\/wp-content\/uploads\/2025\/05\/IMGP7379-768x514.jpg 768w\" sizes=\"auto, (max-width: 1200px) 100vw, 1200px\" \/><\/figure>\n\n\n\n<div class=\"wp-block-group has-global-padding is-layout-constrained wp-block-group-is-layout-constrained\">\n<p>Harmonia pomi\u0119dzy wagonami poci\u0105gu z poprzednich zdj\u0119\u0107 te\u017c okaza\u0142a si\u0119 warta uwagi. 23.03.2012<\/p>\n<\/div>\n","protected":false},"excerpt":{"rendered":"<p>Harmonia pomi\u0119dzy wagonami poci\u0105gu z poprzednich zdj\u0119\u0107 te\u017c okaza\u0142a si\u0119 warta uwagi. 23.03.2012<\/p>\n","protected":false},"author":1,"featured_media":17217,"comment_status":"open","ping_status":"","sticky":false,"template":"","format":"standard","meta":{"footnotes":""},"categories":[220,2,46],"tags":[1692,4462,112,3143,1691,1587,110],"class_list":["post-17216","post","type-post","status-publish","format-standard","has-post-thumbnail","hentry","category-blo","category-kolej","category-rok-2012","tag-2012-03-23","tag-aln668","tag-fs","tag-porto-torres","tag-sardynia","tag-w-skladzie","tag-wlochy"],"_links":{"self":[{"href":"https:\/\/wgphoto.pl\/t\/index.php?rest_route=\/wp\/v2\/posts\/17216","targetHints":{"allow":["GET"]}}],"collection":[{"href":"https:\/\/wgphoto.pl\/t\/index.php?rest_route=\/wp\/v2\/posts"}],"about":[{"href":"https:\/\/wgphoto.pl\/t\/index.php?rest_route=\/wp\/v2\/types\/post"}],"author":[{"embeddable":true,"href":"https:\/\/wgphoto.pl\/t\/index.php?rest_route=\/wp\/v2\/users\/1"}],"replies":[{"embeddable":true,"href":"https:\/\/wgphoto.pl\/t\/index.php?rest_route=%2Fwp%2Fv2%2Fcomments&post=17216"}],"version-history":[{"count":1,"href":"https:\/\/wgphoto.pl\/t\/index.php?rest_route=\/wp\/v2\/posts\/17216\/revisions"}],"predecessor-version":[{"id":17218,"href":"https:\/\/wgphoto.pl\/t\/index.php?rest_route=\/wp\/v2\/posts\/17216\/revisions\/17218"}],"wp:featuredmedia":[{"embeddable":true,"href":"https:\/\/wgphoto.pl\/t\/index.php?rest_route=\/wp\/v2\/media\/17217"}],"wp:attachment":[{"href":"https:\/\/wgphoto.pl\/t\/index.php?rest_route=%2Fwp%2Fv2%2Fmedia&parent=17216"}],"wp:term":[{"taxonomy":"category","embeddable":true,"href":"https:\/\/wgphoto.pl\/t\/index.php?rest_route=%2Fwp%2Fv2%2Fcategories&post=17216"},{"taxonomy":"post_tag","embeddable":true,"href":"https:\/\/wgphoto.pl\/t\/index.php?rest_route=%2Fwp%2Fv2%2Ftags&post=17216"}],"curies":[{"name":"wp","href":"https:\/\/api.w.org\/{rel}","templated":true}]}}