{"id":17219,"date":"2025-05-24T11:33:06","date_gmt":"2025-05-24T09:33:06","guid":{"rendered":"https:\/\/wgphoto.pl\/t\/?p=17219"},"modified":"2025-08-09T13:11:02","modified_gmt":"2025-08-09T11:11:02","slug":"zmiana-kierunku-2","status":"publish","type":"post","link":"https:\/\/wgphoto.pl\/t\/?p=17219","title":{"rendered":"Zmiana kierunku"},"content":{"rendered":"\n<figure class=\"wp-block-image aligncenter size-full\"><img loading=\"lazy\" decoding=\"async\" width=\"1200\" height=\"803\" src=\"https:\/\/wgphoto.pl\/t\/wp-content\/uploads\/2025\/05\/IMGP7374.jpg\" alt=\"\" class=\"wp-image-17220\" srcset=\"https:\/\/wgphoto.pl\/t\/wp-content\/uploads\/2025\/05\/IMGP7374.jpg 1200w, https:\/\/wgphoto.pl\/t\/wp-content\/uploads\/2025\/05\/IMGP7374-300x201.jpg 300w, https:\/\/wgphoto.pl\/t\/wp-content\/uploads\/2025\/05\/IMGP7374-768x514.jpg 768w\" sizes=\"auto, (max-width: 1200px) 100vw, 1200px\" \/><\/figure>\n\n\n\n<div class=\"wp-block-group has-global-padding is-layout-constrained wp-block-group-is-layout-constrained\">\n<p>Porto Torres Marittima. Kierowniczka poci\u0105gu zdj\u0119\u0142a z reflektor\u00f3w czerwone przes\u0142ony by za\u0142o\u017cy\u0107 je na ko\u0144cu sk\u0142adu. 23.03.2012<\/p>\n<\/div>\n","protected":false},"excerpt":{"rendered":"<p>Porto Torres Marittima. Kierowniczka poci\u0105gu zdj\u0119\u0142a z reflektor\u00f3w czerwone przes\u0142ony by za\u0142o\u017cy\u0107 je na ko\u0144cu sk\u0142adu. 23.03.2012<\/p>\n","protected":false},"author":1,"featured_media":17220,"comment_status":"open","ping_status":"","sticky":false,"template":"","format":"standard","meta":{"footnotes":""},"categories":[2,46],"tags":[1692,4462,112,3143,1691,110],"class_list":["post-17219","post","type-post","status-publish","format-standard","has-post-thumbnail","hentry","category-kolej","category-rok-2012","tag-2012-03-23","tag-aln668","tag-fs","tag-porto-torres","tag-sardynia","tag-wlochy"],"_links":{"self":[{"href":"https:\/\/wgphoto.pl\/t\/index.php?rest_route=\/wp\/v2\/posts\/17219","targetHints":{"allow":["GET"]}}],"collection":[{"href":"https:\/\/wgphoto.pl\/t\/index.php?rest_route=\/wp\/v2\/posts"}],"about":[{"href":"https:\/\/wgphoto.pl\/t\/index.php?rest_route=\/wp\/v2\/types\/post"}],"author":[{"embeddable":true,"href":"https:\/\/wgphoto.pl\/t\/index.php?rest_route=\/wp\/v2\/users\/1"}],"replies":[{"embeddable":true,"href":"https:\/\/wgphoto.pl\/t\/index.php?rest_route=%2Fwp%2Fv2%2Fcomments&post=17219"}],"version-history":[{"count":1,"href":"https:\/\/wgphoto.pl\/t\/index.php?rest_route=\/wp\/v2\/posts\/17219\/revisions"}],"predecessor-version":[{"id":17221,"href":"https:\/\/wgphoto.pl\/t\/index.php?rest_route=\/wp\/v2\/posts\/17219\/revisions\/17221"}],"wp:featuredmedia":[{"embeddable":true,"href":"https:\/\/wgphoto.pl\/t\/index.php?rest_route=\/wp\/v2\/media\/17220"}],"wp:attachment":[{"href":"https:\/\/wgphoto.pl\/t\/index.php?rest_route=%2Fwp%2Fv2%2Fmedia&parent=17219"}],"wp:term":[{"taxonomy":"category","embeddable":true,"href":"https:\/\/wgphoto.pl\/t\/index.php?rest_route=%2Fwp%2Fv2%2Fcategories&post=17219"},{"taxonomy":"post_tag","embeddable":true,"href":"https:\/\/wgphoto.pl\/t\/index.php?rest_route=%2Fwp%2Fv2%2Ftags&post=17219"}],"curies":[{"name":"wp","href":"https:\/\/api.w.org\/{rel}","templated":true}]}}