{"id":17234,"date":"2025-05-24T11:45:12","date_gmt":"2025-05-24T09:45:12","guid":{"rendered":"https:\/\/wgphoto.pl\/t\/?p=17234"},"modified":"2025-05-24T11:45:12","modified_gmt":"2025-05-24T09:45:12","slug":"jeden-z-trzynastu","status":"publish","type":"post","link":"https:\/\/wgphoto.pl\/t\/?p=17234","title":{"rendered":"Jeden z trzynastu"},"content":{"rendered":"\n<figure class=\"wp-block-image aligncenter size-full\"><img loading=\"lazy\" decoding=\"async\" width=\"1050\" height=\"700\" src=\"https:\/\/wgphoto.pl\/t\/wp-content\/uploads\/2025\/05\/0735-23.jpg\" alt=\"\" class=\"wp-image-17235\" srcset=\"https:\/\/wgphoto.pl\/t\/wp-content\/uploads\/2025\/05\/0735-23.jpg 1050w, https:\/\/wgphoto.pl\/t\/wp-content\/uploads\/2025\/05\/0735-23-300x200.jpg 300w, https:\/\/wgphoto.pl\/t\/wp-content\/uploads\/2025\/05\/0735-23-768x512.jpg 768w\" sizes=\"auto, (max-width: 1050px) 100vw, 1050px\" \/><\/figure>\n\n\n\n<div class=\"wp-block-group has-global-padding is-layout-constrained wp-block-group-is-layout-constrained\">\n<p>Star\u00e9 M\u011bsto pod Sn\u011b\u017en\u00edkem. W rozk\u0142adzie jazdy 2006\/2007 dociera\u0142o tutaj 13 par poci\u0105g\u00f3w na dob\u0119, dowo\u017c\u0105cych do oddalonych o 11 kilometr\u00f3w w\u0119z\u0142owych Hanu\u0161ovic. 15.10.2007<\/p>\n<\/div>\n","protected":false},"excerpt":{"rendered":"<p>Star\u00e9 M\u011bsto pod Sn\u011b\u017en\u00edkem. W rozk\u0142adzie jazdy 2006\/2007 dociera\u0142o tutaj 13 par poci\u0105g\u00f3w na dob\u0119, dowo\u017c\u0105cych do oddalonych o 11 kilometr\u00f3w w\u0119z\u0142owych Hanu\u0161ovic. 15.10.2007<\/p>\n","protected":false},"author":1,"featured_media":17235,"comment_status":"open","ping_status":"","sticky":false,"template":"","format":"standard","meta":{"footnotes":""},"categories":[62,2,96],"tags":[2048,92,50,49,173,94,2948,2471,265],"class_list":["post-17234","post","type-post","status-publish","format-standard","has-post-thumbnail","hentry","category-analog","category-kolej","category-rok-2007","tag-2007-10-15","tag-92","tag-cd","tag-czechy","tag-koncowki","tag-na-kolejowym-koncu-swiata","tag-stare-mesto-pod-sneznikem","tag-tab-cz294","tag-wagon"],"_links":{"self":[{"href":"https:\/\/wgphoto.pl\/t\/index.php?rest_route=\/wp\/v2\/posts\/17234","targetHints":{"allow":["GET"]}}],"collection":[{"href":"https:\/\/wgphoto.pl\/t\/index.php?rest_route=\/wp\/v2\/posts"}],"about":[{"href":"https:\/\/wgphoto.pl\/t\/index.php?rest_route=\/wp\/v2\/types\/post"}],"author":[{"embeddable":true,"href":"https:\/\/wgphoto.pl\/t\/index.php?rest_route=\/wp\/v2\/users\/1"}],"replies":[{"embeddable":true,"href":"https:\/\/wgphoto.pl\/t\/index.php?rest_route=%2Fwp%2Fv2%2Fcomments&post=17234"}],"version-history":[{"count":1,"href":"https:\/\/wgphoto.pl\/t\/index.php?rest_route=\/wp\/v2\/posts\/17234\/revisions"}],"predecessor-version":[{"id":17236,"href":"https:\/\/wgphoto.pl\/t\/index.php?rest_route=\/wp\/v2\/posts\/17234\/revisions\/17236"}],"wp:featuredmedia":[{"embeddable":true,"href":"https:\/\/wgphoto.pl\/t\/index.php?rest_route=\/wp\/v2\/media\/17235"}],"wp:attachment":[{"href":"https:\/\/wgphoto.pl\/t\/index.php?rest_route=%2Fwp%2Fv2%2Fmedia&parent=17234"}],"wp:term":[{"taxonomy":"category","embeddable":true,"href":"https:\/\/wgphoto.pl\/t\/index.php?rest_route=%2Fwp%2Fv2%2Fcategories&post=17234"},{"taxonomy":"post_tag","embeddable":true,"href":"https:\/\/wgphoto.pl\/t\/index.php?rest_route=%2Fwp%2Fv2%2Ftags&post=17234"}],"curies":[{"name":"wp","href":"https:\/\/api.w.org\/{rel}","templated":true}]}}