{"id":17240,"date":"2025-05-24T11:47:23","date_gmt":"2025-05-24T09:47:23","guid":{"rendered":"https:\/\/wgphoto.pl\/t\/?p=17240"},"modified":"2025-05-24T11:47:23","modified_gmt":"2025-05-24T09:47:23","slug":"stare-mesto-pod-sneznikem-2011","status":"publish","type":"post","link":"https:\/\/wgphoto.pl\/t\/?p=17240","title":{"rendered":"Star\u00e9 M\u011bsto pod Sn\u011b\u017en\u00edkem 2011"},"content":{"rendered":"\n<figure class=\"wp-block-image aligncenter size-full\"><img loading=\"lazy\" decoding=\"async\" width=\"1200\" height=\"803\" src=\"https:\/\/wgphoto.pl\/t\/wp-content\/uploads\/2025\/05\/IMGP4619.jpg\" alt=\"\" class=\"wp-image-17241\" srcset=\"https:\/\/wgphoto.pl\/t\/wp-content\/uploads\/2025\/05\/IMGP4619.jpg 1200w, https:\/\/wgphoto.pl\/t\/wp-content\/uploads\/2025\/05\/IMGP4619-300x201.jpg 300w, https:\/\/wgphoto.pl\/t\/wp-content\/uploads\/2025\/05\/IMGP4619-768x514.jpg 768w\" sizes=\"auto, (max-width: 1200px) 100vw, 1200px\" \/><\/figure>\n\n\n\n<div class=\"wp-block-group has-global-padding is-layout-constrained wp-block-group-is-layout-constrained\">\n<p>810.049 jako MOs do Hanu\u0161ovic, Star\u00e9 M\u011bsto pod Sn\u011b\u017en\u00edkem, 16.10.2011<\/p>\n<\/div>\n","protected":false},"excerpt":{"rendered":"<p>810.049 jako MOs do Hanu\u0161ovic, Star\u00e9 M\u011bsto pod Sn\u011b\u017en\u00edkem, 16.10.2011<\/p>\n","protected":false},"author":1,"featured_media":17241,"comment_status":"open","ping_status":"","sticky":false,"template":"","format":"standard","meta":{"footnotes":""},"categories":[2,77],"tags":[1730,92,50,49,114,94,1767,2948,2471],"class_list":["post-17240","post","type-post","status-publish","format-standard","has-post-thumbnail","hentry","category-kolej","category-rok-2011","tag-2011-10-16","tag-92","tag-cd","tag-czechy","tag-gory","tag-na-kolejowym-koncu-swiata","tag-porownania","tag-stare-mesto-pod-sneznikem","tag-tab-cz294"],"_links":{"self":[{"href":"https:\/\/wgphoto.pl\/t\/index.php?rest_route=\/wp\/v2\/posts\/17240","targetHints":{"allow":["GET"]}}],"collection":[{"href":"https:\/\/wgphoto.pl\/t\/index.php?rest_route=\/wp\/v2\/posts"}],"about":[{"href":"https:\/\/wgphoto.pl\/t\/index.php?rest_route=\/wp\/v2\/types\/post"}],"author":[{"embeddable":true,"href":"https:\/\/wgphoto.pl\/t\/index.php?rest_route=\/wp\/v2\/users\/1"}],"replies":[{"embeddable":true,"href":"https:\/\/wgphoto.pl\/t\/index.php?rest_route=%2Fwp%2Fv2%2Fcomments&post=17240"}],"version-history":[{"count":1,"href":"https:\/\/wgphoto.pl\/t\/index.php?rest_route=\/wp\/v2\/posts\/17240\/revisions"}],"predecessor-version":[{"id":17242,"href":"https:\/\/wgphoto.pl\/t\/index.php?rest_route=\/wp\/v2\/posts\/17240\/revisions\/17242"}],"wp:featuredmedia":[{"embeddable":true,"href":"https:\/\/wgphoto.pl\/t\/index.php?rest_route=\/wp\/v2\/media\/17241"}],"wp:attachment":[{"href":"https:\/\/wgphoto.pl\/t\/index.php?rest_route=%2Fwp%2Fv2%2Fmedia&parent=17240"}],"wp:term":[{"taxonomy":"category","embeddable":true,"href":"https:\/\/wgphoto.pl\/t\/index.php?rest_route=%2Fwp%2Fv2%2Fcategories&post=17240"},{"taxonomy":"post_tag","embeddable":true,"href":"https:\/\/wgphoto.pl\/t\/index.php?rest_route=%2Fwp%2Fv2%2Ftags&post=17240"}],"curies":[{"name":"wp","href":"https:\/\/api.w.org\/{rel}","templated":true}]}}