{"id":17243,"date":"2025-05-24T11:48:22","date_gmt":"2025-05-24T09:48:22","guid":{"rendered":"https:\/\/wgphoto.pl\/t\/?p=17243"},"modified":"2025-05-24T11:48:22","modified_gmt":"2025-05-24T09:48:22","slug":"stare-mesto-pod-sneznikem-2013","status":"publish","type":"post","link":"https:\/\/wgphoto.pl\/t\/?p=17243","title":{"rendered":"Star\u00e9 M\u011bsto pod Sn\u011b\u017en\u00edkem 2013"},"content":{"rendered":"\n<figure class=\"wp-block-image aligncenter size-full\"><img loading=\"lazy\" decoding=\"async\" width=\"1200\" height=\"803\" src=\"https:\/\/wgphoto.pl\/t\/wp-content\/uploads\/2025\/05\/IMGP4903.jpg\" alt=\"\" class=\"wp-image-17244\" srcset=\"https:\/\/wgphoto.pl\/t\/wp-content\/uploads\/2025\/05\/IMGP4903.jpg 1200w, https:\/\/wgphoto.pl\/t\/wp-content\/uploads\/2025\/05\/IMGP4903-300x201.jpg 300w, https:\/\/wgphoto.pl\/t\/wp-content\/uploads\/2025\/05\/IMGP4903-768x514.jpg 768w\" sizes=\"auto, (max-width: 1200px) 100vw, 1200px\" \/><\/figure>\n\n\n\n<div class=\"wp-block-group has-global-padding is-layout-constrained wp-block-group-is-layout-constrained\">\n<p>810.049 jako MOs do Hanu\u0161ovic, Star\u00e9 M\u011bsto pod Sn\u011b\u017en\u00edkem, 04.08.2013<\/p>\n<\/div>\n","protected":false},"excerpt":{"rendered":"<p>810.049 jako MOs do Hanu\u0161ovic, Star\u00e9 M\u011bsto pod Sn\u011b\u017en\u00edkem, 04.08.2013<\/p>\n","protected":false},"author":1,"featured_media":17244,"comment_status":"open","ping_status":"","sticky":false,"template":"","format":"standard","meta":{"footnotes":""},"categories":[2,55],"tags":[2947,92,50,49,13,94,1767,2948,2471],"class_list":["post-17243","post","type-post","status-publish","format-standard","has-post-thumbnail","hentry","category-kolej","category-rok-2013","tag-2013-08-04","tag-92","tag-cd","tag-czechy","tag-deszcz","tag-na-kolejowym-koncu-swiata","tag-porownania","tag-stare-mesto-pod-sneznikem","tag-tab-cz294"],"_links":{"self":[{"href":"https:\/\/wgphoto.pl\/t\/index.php?rest_route=\/wp\/v2\/posts\/17243","targetHints":{"allow":["GET"]}}],"collection":[{"href":"https:\/\/wgphoto.pl\/t\/index.php?rest_route=\/wp\/v2\/posts"}],"about":[{"href":"https:\/\/wgphoto.pl\/t\/index.php?rest_route=\/wp\/v2\/types\/post"}],"author":[{"embeddable":true,"href":"https:\/\/wgphoto.pl\/t\/index.php?rest_route=\/wp\/v2\/users\/1"}],"replies":[{"embeddable":true,"href":"https:\/\/wgphoto.pl\/t\/index.php?rest_route=%2Fwp%2Fv2%2Fcomments&post=17243"}],"version-history":[{"count":1,"href":"https:\/\/wgphoto.pl\/t\/index.php?rest_route=\/wp\/v2\/posts\/17243\/revisions"}],"predecessor-version":[{"id":17245,"href":"https:\/\/wgphoto.pl\/t\/index.php?rest_route=\/wp\/v2\/posts\/17243\/revisions\/17245"}],"wp:featuredmedia":[{"embeddable":true,"href":"https:\/\/wgphoto.pl\/t\/index.php?rest_route=\/wp\/v2\/media\/17244"}],"wp:attachment":[{"href":"https:\/\/wgphoto.pl\/t\/index.php?rest_route=%2Fwp%2Fv2%2Fmedia&parent=17243"}],"wp:term":[{"taxonomy":"category","embeddable":true,"href":"https:\/\/wgphoto.pl\/t\/index.php?rest_route=%2Fwp%2Fv2%2Fcategories&post=17243"},{"taxonomy":"post_tag","embeddable":true,"href":"https:\/\/wgphoto.pl\/t\/index.php?rest_route=%2Fwp%2Fv2%2Ftags&post=17243"}],"curies":[{"name":"wp","href":"https:\/\/api.w.org\/{rel}","templated":true}]}}