{"id":17268,"date":"2025-05-24T21:29:34","date_gmt":"2025-05-24T19:29:34","guid":{"rendered":"https:\/\/wgphoto.pl\/t\/?p=17268"},"modified":"2025-05-24T21:29:34","modified_gmt":"2025-05-24T19:29:34","slug":"zurawie-pod-kolor","status":"publish","type":"post","link":"https:\/\/wgphoto.pl\/t\/?p=17268","title":{"rendered":"\u017burawie pod kolor"},"content":{"rendered":"\n<figure class=\"wp-block-image aligncenter size-full\"><img loading=\"lazy\" decoding=\"async\" width=\"1200\" height=\"803\" src=\"https:\/\/wgphoto.pl\/t\/wp-content\/uploads\/2025\/05\/IMGP6872-1.jpg\" alt=\"\" class=\"wp-image-17269\" srcset=\"https:\/\/wgphoto.pl\/t\/wp-content\/uploads\/2025\/05\/IMGP6872-1.jpg 1200w, https:\/\/wgphoto.pl\/t\/wp-content\/uploads\/2025\/05\/IMGP6872-1-300x201.jpg 300w, https:\/\/wgphoto.pl\/t\/wp-content\/uploads\/2025\/05\/IMGP6872-1-768x514.jpg 768w\" sizes=\"auto, (max-width: 1200px) 100vw, 1200px\" \/><\/figure>\n\n\n\n<div class=\"wp-block-group has-global-padding is-layout-constrained wp-block-group-is-layout-constrained\">\n<p>\u017burawie i EU07-167 w E\u0142ku. To chyba b\u0119dzie poci\u0105g do Warszawy Zachodniej. Samego E\u0142ku to tu za wiele nie wida\u0107, ale lokomotywy typu 4E zacz\u0119\u0142y si\u0119 na tej stacji pojawia\u0107 w\u0142a\u015bciwie chyba dopiero po rozdzieleniu si\u00f3demek na sp\u00f3\u0142eczki (czyli niedawno przed wykonaniem zdj\u0119cia), gdy\u017c bia\u0142ostocki Zak\u0142ad Taboru, obs\u0142uguj\u0105cy t\u0119 tras\u0119 wcze\u015bniej, posiada\u0142 na stanie tylko nowsze egzemplarze typu 303E. 13.07.2009<\/p>\n<\/div>\n","protected":false},"excerpt":{"rendered":"<p>\u017burawie i EU07-167 w E\u0142ku. To chyba b\u0119dzie poci\u0105g do Warszawy Zachodniej. Samego E\u0142ku to tu za wiele nie wida\u0107, ale lokomotywy typu 4E zacz\u0119\u0142y si\u0119 na tej stacji pojawia\u0107 w\u0142a\u015bciwie chyba dopiero po rozdzieleniu si\u00f3demek na sp\u00f3\u0142eczki (czyli niedawno przed wykonaniem zdj\u0119cia), gdy\u017c bia\u0142ostocki Zak\u0142ad Taboru, obs\u0142uguj\u0105cy t\u0119 tras\u0119 wcze\u015bniej, posiada\u0142 na stanie tylko [&hellip;]<\/p>\n","protected":false},"author":1,"featured_media":17269,"comment_status":"open","ping_status":"","sticky":false,"template":"","format":"standard","meta":{"footnotes":""},"categories":[2,169],"tags":[541,3823,122,230,63,27,3630,533],"class_list":["post-17268","post","type-post","status-publish","format-standard","has-post-thumbnail","hentry","category-kolej","category-rok-2009","tag-2009-07-13","tag-elk","tag-eu07","tag-infrastruktura","tag-pkp","tag-polska","tag-tab-pl535","tag-z-sokolki-do-mlynar-2009"],"_links":{"self":[{"href":"https:\/\/wgphoto.pl\/t\/index.php?rest_route=\/wp\/v2\/posts\/17268","targetHints":{"allow":["GET"]}}],"collection":[{"href":"https:\/\/wgphoto.pl\/t\/index.php?rest_route=\/wp\/v2\/posts"}],"about":[{"href":"https:\/\/wgphoto.pl\/t\/index.php?rest_route=\/wp\/v2\/types\/post"}],"author":[{"embeddable":true,"href":"https:\/\/wgphoto.pl\/t\/index.php?rest_route=\/wp\/v2\/users\/1"}],"replies":[{"embeddable":true,"href":"https:\/\/wgphoto.pl\/t\/index.php?rest_route=%2Fwp%2Fv2%2Fcomments&post=17268"}],"version-history":[{"count":1,"href":"https:\/\/wgphoto.pl\/t\/index.php?rest_route=\/wp\/v2\/posts\/17268\/revisions"}],"predecessor-version":[{"id":17270,"href":"https:\/\/wgphoto.pl\/t\/index.php?rest_route=\/wp\/v2\/posts\/17268\/revisions\/17270"}],"wp:featuredmedia":[{"embeddable":true,"href":"https:\/\/wgphoto.pl\/t\/index.php?rest_route=\/wp\/v2\/media\/17269"}],"wp:attachment":[{"href":"https:\/\/wgphoto.pl\/t\/index.php?rest_route=%2Fwp%2Fv2%2Fmedia&parent=17268"}],"wp:term":[{"taxonomy":"category","embeddable":true,"href":"https:\/\/wgphoto.pl\/t\/index.php?rest_route=%2Fwp%2Fv2%2Fcategories&post=17268"},{"taxonomy":"post_tag","embeddable":true,"href":"https:\/\/wgphoto.pl\/t\/index.php?rest_route=%2Fwp%2Fv2%2Ftags&post=17268"}],"curies":[{"name":"wp","href":"https:\/\/api.w.org\/{rel}","templated":true}]}}