{"id":17271,"date":"2025-05-24T21:30:24","date_gmt":"2025-05-24T19:30:24","guid":{"rendered":"https:\/\/wgphoto.pl\/t\/?p=17271"},"modified":"2025-05-24T21:30:24","modified_gmt":"2025-05-24T19:30:24","slug":"ksztalty-w-trawie","status":"publish","type":"post","link":"https:\/\/wgphoto.pl\/t\/?p=17271","title":{"rendered":"Kszta\u0142ty w trawie"},"content":{"rendered":"\n<figure class=\"wp-block-image aligncenter size-full\"><img loading=\"lazy\" decoding=\"async\" width=\"1200\" height=\"803\" src=\"https:\/\/wgphoto.pl\/t\/wp-content\/uploads\/2025\/05\/IMGP6832-1.jpg\" alt=\"\" class=\"wp-image-17272\" srcset=\"https:\/\/wgphoto.pl\/t\/wp-content\/uploads\/2025\/05\/IMGP6832-1.jpg 1200w, https:\/\/wgphoto.pl\/t\/wp-content\/uploads\/2025\/05\/IMGP6832-1-300x201.jpg 300w, https:\/\/wgphoto.pl\/t\/wp-content\/uploads\/2025\/05\/IMGP6832-1-768x514.jpg 768w\" sizes=\"auto, (max-width: 1200px) 100vw, 1200px\" \/><\/figure>\n\n\n\n<div class=\"wp-block-group has-global-padding is-layout-constrained wp-block-group-is-layout-constrained\">\n<p>SU45-017 z poci\u0105giem pospiesznym 91001 &#8222;Ha\u0144cza&#8221; relacji Warszawa Zachodnia &#8211; Suwa\u0142ki (z wagonami do \u0160e\u0161tokai) opuszcza Sok\u00f3\u0142k\u0119. 12.07.2009<\/p>\n<\/div>\n","protected":false},"excerpt":{"rendered":"<p>SU45-017 z poci\u0105giem pospiesznym 91001 &#8222;Ha\u0144cza&#8221; relacji Warszawa Zachodnia &#8211; Suwa\u0142ki (z wagonami do \u0160e\u0161tokai) opuszcza Sok\u00f3\u0142k\u0119. 12.07.2009<\/p>\n","protected":false},"author":1,"featured_media":17272,"comment_status":"open","ping_status":"","sticky":false,"template":"","format":"standard","meta":{"footnotes":""},"categories":[2,169],"tags":[538,63,27,3824,290,53,643,533],"class_list":["post-17271","post","type-post","status-publish","format-standard","has-post-thumbnail","hentry","category-kolej","category-rok-2009","tag-2009-07-12","tag-pkp","tag-polska","tag-sokolka","tag-su45","tag-sygnalizacja-ksztaltowa","tag-tab-pl530","tag-z-sokolki-do-mlynar-2009"],"_links":{"self":[{"href":"https:\/\/wgphoto.pl\/t\/index.php?rest_route=\/wp\/v2\/posts\/17271","targetHints":{"allow":["GET"]}}],"collection":[{"href":"https:\/\/wgphoto.pl\/t\/index.php?rest_route=\/wp\/v2\/posts"}],"about":[{"href":"https:\/\/wgphoto.pl\/t\/index.php?rest_route=\/wp\/v2\/types\/post"}],"author":[{"embeddable":true,"href":"https:\/\/wgphoto.pl\/t\/index.php?rest_route=\/wp\/v2\/users\/1"}],"replies":[{"embeddable":true,"href":"https:\/\/wgphoto.pl\/t\/index.php?rest_route=%2Fwp%2Fv2%2Fcomments&post=17271"}],"version-history":[{"count":1,"href":"https:\/\/wgphoto.pl\/t\/index.php?rest_route=\/wp\/v2\/posts\/17271\/revisions"}],"predecessor-version":[{"id":17273,"href":"https:\/\/wgphoto.pl\/t\/index.php?rest_route=\/wp\/v2\/posts\/17271\/revisions\/17273"}],"wp:featuredmedia":[{"embeddable":true,"href":"https:\/\/wgphoto.pl\/t\/index.php?rest_route=\/wp\/v2\/media\/17272"}],"wp:attachment":[{"href":"https:\/\/wgphoto.pl\/t\/index.php?rest_route=%2Fwp%2Fv2%2Fmedia&parent=17271"}],"wp:term":[{"taxonomy":"category","embeddable":true,"href":"https:\/\/wgphoto.pl\/t\/index.php?rest_route=%2Fwp%2Fv2%2Fcategories&post=17271"},{"taxonomy":"post_tag","embeddable":true,"href":"https:\/\/wgphoto.pl\/t\/index.php?rest_route=%2Fwp%2Fv2%2Ftags&post=17271"}],"curies":[{"name":"wp","href":"https:\/\/api.w.org\/{rel}","templated":true}]}}