{"id":17274,"date":"2025-05-24T21:31:11","date_gmt":"2025-05-24T19:31:11","guid":{"rendered":"https:\/\/wgphoto.pl\/t\/?p=17274"},"modified":"2025-05-24T21:31:11","modified_gmt":"2025-05-24T19:31:11","slug":"lokomotywa-po-nowemu-wagony-po-staremu","status":"publish","type":"post","link":"https:\/\/wgphoto.pl\/t\/?p=17274","title":{"rendered":"Lokomotywa po nowemu, wagony po staremu"},"content":{"rendered":"\n<figure class=\"wp-block-image aligncenter size-full\"><img loading=\"lazy\" decoding=\"async\" width=\"1200\" height=\"803\" src=\"https:\/\/wgphoto.pl\/t\/wp-content\/uploads\/2025\/05\/IMGP6837.jpg\" alt=\"\" class=\"wp-image-17275\" srcset=\"https:\/\/wgphoto.pl\/t\/wp-content\/uploads\/2025\/05\/IMGP6837.jpg 1200w, https:\/\/wgphoto.pl\/t\/wp-content\/uploads\/2025\/05\/IMGP6837-300x201.jpg 300w, https:\/\/wgphoto.pl\/t\/wp-content\/uploads\/2025\/05\/IMGP6837-768x514.jpg 768w\" sizes=\"auto, (max-width: 1200px) 100vw, 1200px\" \/><\/figure>\n\n\n\n<div class=\"wp-block-group has-global-padding is-layout-constrained wp-block-group-is-layout-constrained\">\n<p>Pospieszny &#8222;Niemen&#8221; z Suwa\u0142k do Bydgoszczy, od niedawna pod bander\u0105 PKP IC, pokonuje \u0142uk najprawdopodobniej tu\u017c przed przystankiem Racewo. Prowadzi SM42-380. 12.07.2009<\/p>\n<\/div>\n","protected":false},"excerpt":{"rendered":"<p>Pospieszny &#8222;Niemen&#8221; z Suwa\u0142k do Bydgoszczy, od niedawna pod bander\u0105 PKP IC, pokonuje \u0142uk najprawdopodobniej tu\u017c przed przystankiem Racewo. Prowadzi SM42-380. 12.07.2009<\/p>\n","protected":false},"author":1,"featured_media":17275,"comment_status":"open","ping_status":"","sticky":false,"template":"","format":"standard","meta":{"footnotes":""},"categories":[2,169],"tags":[538,63,27,3825,473,643,533],"class_list":["post-17274","post","type-post","status-publish","format-standard","has-post-thumbnail","hentry","category-kolej","category-rok-2009","tag-2009-07-12","tag-pkp","tag-polska","tag-racewo","tag-sm42","tag-tab-pl530","tag-z-sokolki-do-mlynar-2009"],"_links":{"self":[{"href":"https:\/\/wgphoto.pl\/t\/index.php?rest_route=\/wp\/v2\/posts\/17274","targetHints":{"allow":["GET"]}}],"collection":[{"href":"https:\/\/wgphoto.pl\/t\/index.php?rest_route=\/wp\/v2\/posts"}],"about":[{"href":"https:\/\/wgphoto.pl\/t\/index.php?rest_route=\/wp\/v2\/types\/post"}],"author":[{"embeddable":true,"href":"https:\/\/wgphoto.pl\/t\/index.php?rest_route=\/wp\/v2\/users\/1"}],"replies":[{"embeddable":true,"href":"https:\/\/wgphoto.pl\/t\/index.php?rest_route=%2Fwp%2Fv2%2Fcomments&post=17274"}],"version-history":[{"count":1,"href":"https:\/\/wgphoto.pl\/t\/index.php?rest_route=\/wp\/v2\/posts\/17274\/revisions"}],"predecessor-version":[{"id":17276,"href":"https:\/\/wgphoto.pl\/t\/index.php?rest_route=\/wp\/v2\/posts\/17274\/revisions\/17276"}],"wp:featuredmedia":[{"embeddable":true,"href":"https:\/\/wgphoto.pl\/t\/index.php?rest_route=\/wp\/v2\/media\/17275"}],"wp:attachment":[{"href":"https:\/\/wgphoto.pl\/t\/index.php?rest_route=%2Fwp%2Fv2%2Fmedia&parent=17274"}],"wp:term":[{"taxonomy":"category","embeddable":true,"href":"https:\/\/wgphoto.pl\/t\/index.php?rest_route=%2Fwp%2Fv2%2Fcategories&post=17274"},{"taxonomy":"post_tag","embeddable":true,"href":"https:\/\/wgphoto.pl\/t\/index.php?rest_route=%2Fwp%2Fv2%2Ftags&post=17274"}],"curies":[{"name":"wp","href":"https:\/\/api.w.org\/{rel}","templated":true}]}}