{"id":17277,"date":"2025-05-24T21:32:00","date_gmt":"2025-05-24T19:32:00","guid":{"rendered":"https:\/\/wgphoto.pl\/t\/?p=17277"},"modified":"2025-05-24T21:32:00","modified_gmt":"2025-05-24T19:32:00","slug":"hancza-nad-biebrza","status":"publish","type":"post","link":"https:\/\/wgphoto.pl\/t\/?p=17277","title":{"rendered":"&#8222;Ha\u0144cza&#8221; nad Biebrz\u0105"},"content":{"rendered":"\n<figure class=\"wp-block-image aligncenter size-full\"><img loading=\"lazy\" decoding=\"async\" width=\"1200\" height=\"803\" src=\"https:\/\/wgphoto.pl\/t\/wp-content\/uploads\/2025\/05\/IMGP6845.jpg\" alt=\"\" class=\"wp-image-17278\" srcset=\"https:\/\/wgphoto.pl\/t\/wp-content\/uploads\/2025\/05\/IMGP6845.jpg 1200w, https:\/\/wgphoto.pl\/t\/wp-content\/uploads\/2025\/05\/IMGP6845-300x201.jpg 300w, https:\/\/wgphoto.pl\/t\/wp-content\/uploads\/2025\/05\/IMGP6845-768x514.jpg 768w\" sizes=\"auto, (max-width: 1200px) 100vw, 1200px\" \/><\/figure>\n\n\n\n<div class=\"wp-block-group has-global-padding is-layout-constrained wp-block-group-is-layout-constrained\">\n<p>Poci\u0105g pospieszny 91002 &#8222;Ha\u0144cza&#8221; z Suwa\u0142k (z wagonami z \u0160e\u0161tokai) do Warszawy Zachodniej przeje\u017cd\u017ca przez most nad Biebrz\u0105. Nie ma to jak znale\u017a\u0107 miejsce na 10-wagonowca. \ud83d\ude09 12.07.2009<\/p>\n<\/div>\n","protected":false},"excerpt":{"rendered":"<p>Poci\u0105g pospieszny 91002 &#8222;Ha\u0144cza&#8221; z Suwa\u0142k (z wagonami z \u0160e\u0161tokai) do Warszawy Zachodniej przeje\u017cd\u017ca przez most nad Biebrz\u0105. Nie ma to jak znale\u017a\u0107 miejsce na 10-wagonowca. \ud83d\ude09 12.07.2009<\/p>\n","protected":false},"author":1,"featured_media":17278,"comment_status":"open","ping_status":"","sticky":false,"template":"","format":"standard","meta":{"footnotes":""},"categories":[2,169],"tags":[538,1611,3826,45,63,27,290,643,533],"class_list":["post-17277","post","type-post","status-publish","format-standard","has-post-thumbnail","hentry","category-kolej","category-rok-2009","tag-2009-07-12","tag-jastrzebna","tag-kamienna-nowa","tag-most","tag-pkp","tag-polska","tag-su45","tag-tab-pl530","tag-z-sokolki-do-mlynar-2009"],"_links":{"self":[{"href":"https:\/\/wgphoto.pl\/t\/index.php?rest_route=\/wp\/v2\/posts\/17277","targetHints":{"allow":["GET"]}}],"collection":[{"href":"https:\/\/wgphoto.pl\/t\/index.php?rest_route=\/wp\/v2\/posts"}],"about":[{"href":"https:\/\/wgphoto.pl\/t\/index.php?rest_route=\/wp\/v2\/types\/post"}],"author":[{"embeddable":true,"href":"https:\/\/wgphoto.pl\/t\/index.php?rest_route=\/wp\/v2\/users\/1"}],"replies":[{"embeddable":true,"href":"https:\/\/wgphoto.pl\/t\/index.php?rest_route=%2Fwp%2Fv2%2Fcomments&post=17277"}],"version-history":[{"count":1,"href":"https:\/\/wgphoto.pl\/t\/index.php?rest_route=\/wp\/v2\/posts\/17277\/revisions"}],"predecessor-version":[{"id":17279,"href":"https:\/\/wgphoto.pl\/t\/index.php?rest_route=\/wp\/v2\/posts\/17277\/revisions\/17279"}],"wp:featuredmedia":[{"embeddable":true,"href":"https:\/\/wgphoto.pl\/t\/index.php?rest_route=\/wp\/v2\/media\/17278"}],"wp:attachment":[{"href":"https:\/\/wgphoto.pl\/t\/index.php?rest_route=%2Fwp%2Fv2%2Fmedia&parent=17277"}],"wp:term":[{"taxonomy":"category","embeddable":true,"href":"https:\/\/wgphoto.pl\/t\/index.php?rest_route=%2Fwp%2Fv2%2Fcategories&post=17277"},{"taxonomy":"post_tag","embeddable":true,"href":"https:\/\/wgphoto.pl\/t\/index.php?rest_route=%2Fwp%2Fv2%2Ftags&post=17277"}],"curies":[{"name":"wp","href":"https:\/\/api.w.org\/{rel}","templated":true}]}}