{"id":17280,"date":"2025-05-24T21:33:32","date_gmt":"2025-05-24T19:33:32","guid":{"rendered":"https:\/\/wgphoto.pl\/t\/?p=17280"},"modified":"2025-05-24T21:33:32","modified_gmt":"2025-05-24T19:33:32","slug":"tramwaj-z-widokiem-na-gory-2","status":"publish","type":"post","link":"https:\/\/wgphoto.pl\/t\/?p=17280","title":{"rendered":"Tramwaj z widokiem na g\u00f3ry (2)"},"content":{"rendered":"\n<figure class=\"wp-block-image aligncenter size-full\"><img loading=\"lazy\" decoding=\"async\" width=\"1200\" height=\"795\" src=\"https:\/\/wgphoto.pl\/t\/wp-content\/uploads\/2025\/05\/IMGP0537.jpg\" alt=\"\" class=\"wp-image-17281\" srcset=\"https:\/\/wgphoto.pl\/t\/wp-content\/uploads\/2025\/05\/IMGP0537.jpg 1200w, https:\/\/wgphoto.pl\/t\/wp-content\/uploads\/2025\/05\/IMGP0537-300x199.jpg 300w, https:\/\/wgphoto.pl\/t\/wp-content\/uploads\/2025\/05\/IMGP0537-768x509.jpg 768w\" sizes=\"auto, (max-width: 1200px) 100vw, 1200px\" \/><\/figure>\n\n\n\n<div class=\"wp-block-group has-global-padding is-layout-constrained wp-block-group-is-layout-constrained\">\n<p>Santa Cruz de Tenerife, Calle Pedro Su\u00e1rez Hern\u00e1ndez. Wrzuci\u0142em tu kiedy\u015b uj\u0119cie z tego samego miejsca, lecz wykonane w oparciu o s\u0142upowy konserwatyzm &#8211; ujmowanie s\u0142up\u00f3w w ca\u0142o\u015bci i brak tych wystaj\u0105cych z pojazdu (i tak drugi wystaje). Jak wida\u0107 &#8211; bullshit. Du\u017co lepszy jest wystaj\u0105cy i rzucaj\u0105cy si\u0119 w oczy s\u0142up, ale jeden. 06.11.2013<\/p>\n<\/div>\n","protected":false},"excerpt":{"rendered":"<p>Santa Cruz de Tenerife, Calle Pedro Su\u00e1rez Hern\u00e1ndez. Wrzuci\u0142em tu kiedy\u015b uj\u0119cie z tego samego miejsca, lecz wykonane w oparciu o s\u0142upowy konserwatyzm &#8211; ujmowanie s\u0142up\u00f3w w ca\u0142o\u015bci i brak tych wystaj\u0105cych z pojazdu (i tak drugi wystaje). Jak wida\u0107 &#8211; bullshit. Du\u017co lepszy jest wystaj\u0105cy i rzucaj\u0105cy si\u0119 w oczy s\u0142up, ale jeden. 06.11.2013<\/p>\n","protected":false},"author":1,"featured_media":17281,"comment_status":"open","ping_status":"","sticky":false,"template":"","format":"standard","meta":{"footnotes":""},"categories":[55,3],"tags":[174,170,114,159,171,172],"class_list":["post-17280","post","type-post","status-publish","format-standard","has-post-thumbnail","hentry","category-rok-2013","category-tramwaj","tag-2013-11-06","tag-alstom-citadis302","tag-gory","tag-hiszpania","tag-metropolitano-de-tenerife","tag-santa-cruz-de-tenerife"],"_links":{"self":[{"href":"https:\/\/wgphoto.pl\/t\/index.php?rest_route=\/wp\/v2\/posts\/17280","targetHints":{"allow":["GET"]}}],"collection":[{"href":"https:\/\/wgphoto.pl\/t\/index.php?rest_route=\/wp\/v2\/posts"}],"about":[{"href":"https:\/\/wgphoto.pl\/t\/index.php?rest_route=\/wp\/v2\/types\/post"}],"author":[{"embeddable":true,"href":"https:\/\/wgphoto.pl\/t\/index.php?rest_route=\/wp\/v2\/users\/1"}],"replies":[{"embeddable":true,"href":"https:\/\/wgphoto.pl\/t\/index.php?rest_route=%2Fwp%2Fv2%2Fcomments&post=17280"}],"version-history":[{"count":1,"href":"https:\/\/wgphoto.pl\/t\/index.php?rest_route=\/wp\/v2\/posts\/17280\/revisions"}],"predecessor-version":[{"id":17282,"href":"https:\/\/wgphoto.pl\/t\/index.php?rest_route=\/wp\/v2\/posts\/17280\/revisions\/17282"}],"wp:featuredmedia":[{"embeddable":true,"href":"https:\/\/wgphoto.pl\/t\/index.php?rest_route=\/wp\/v2\/media\/17281"}],"wp:attachment":[{"href":"https:\/\/wgphoto.pl\/t\/index.php?rest_route=%2Fwp%2Fv2%2Fmedia&parent=17280"}],"wp:term":[{"taxonomy":"category","embeddable":true,"href":"https:\/\/wgphoto.pl\/t\/index.php?rest_route=%2Fwp%2Fv2%2Fcategories&post=17280"},{"taxonomy":"post_tag","embeddable":true,"href":"https:\/\/wgphoto.pl\/t\/index.php?rest_route=%2Fwp%2Fv2%2Ftags&post=17280"}],"curies":[{"name":"wp","href":"https:\/\/api.w.org\/{rel}","templated":true}]}}