{"id":17283,"date":"2025-05-24T21:34:54","date_gmt":"2025-05-24T19:34:54","guid":{"rendered":"https:\/\/wgphoto.pl\/t\/?p=17283"},"modified":"2025-05-24T21:34:54","modified_gmt":"2025-05-24T19:34:54","slug":"wstep-wzbroniony","status":"publish","type":"post","link":"https:\/\/wgphoto.pl\/t\/?p=17283","title":{"rendered":"Wst\u0119p wzbroniony"},"content":{"rendered":"\n<figure class=\"wp-block-image aligncenter size-full\"><img loading=\"lazy\" decoding=\"async\" width=\"1050\" height=\"703\" src=\"https:\/\/wgphoto.pl\/t\/wp-content\/uploads\/2025\/05\/IMGP1353.jpg\" alt=\"\" class=\"wp-image-17284\" srcset=\"https:\/\/wgphoto.pl\/t\/wp-content\/uploads\/2025\/05\/IMGP1353.jpg 1050w, https:\/\/wgphoto.pl\/t\/wp-content\/uploads\/2025\/05\/IMGP1353-300x201.jpg 300w, https:\/\/wgphoto.pl\/t\/wp-content\/uploads\/2025\/05\/IMGP1353-768x514.jpg 768w\" sizes=\"auto, (max-width: 1050px) 100vw, 1050px\" \/><\/figure>\n\n\n\n<div class=\"wp-block-group has-global-padding is-layout-constrained wp-block-group-is-layout-constrained\">\n<p>\u2026ale zajrze\u0107 mo\u017cna. Tramwaj podmiejski do Benidorm na podziemnym odcinku w centrum Alicante. Jako\u015b\u0107 mo\u017ce nie powala (to by\u0142 jeszcze stary Pentax na maksymalnym dla niego iso 1600) ale lubi\u0119 takie niecodzienne tematy. 05.12.2012<\/p>\n<\/div>\n","protected":false},"excerpt":{"rendered":"<p>\u2026ale zajrze\u0107 mo\u017cna. Tramwaj podmiejski do Benidorm na podziemnym odcinku w centrum Alicante. Jako\u015b\u0107 mo\u017ce nie powala (to by\u0142 jeszcze stary Pentax na maksymalnym dla niego iso 1600) ale lubi\u0119 takie niecodzienne tematy. 05.12.2012<\/p>\n","protected":false},"author":1,"featured_media":17284,"comment_status":"open","ping_status":"","sticky":false,"template":"","format":"standard","meta":{"footnotes":""},"categories":[4,46,3],"tags":[1835,1834,863,159,173,1153,15],"class_list":["post-17283","post","type-post","status-publish","format-standard","has-post-thumbnail","hentry","category-metro","category-rok-2012","category-tramwaj","tag-2012-12-05","tag-alicante","tag-fgv-valencia","tag-hiszpania","tag-koncowki","tag-tramwaj-regionalny","tag-tunel"],"_links":{"self":[{"href":"https:\/\/wgphoto.pl\/t\/index.php?rest_route=\/wp\/v2\/posts\/17283","targetHints":{"allow":["GET"]}}],"collection":[{"href":"https:\/\/wgphoto.pl\/t\/index.php?rest_route=\/wp\/v2\/posts"}],"about":[{"href":"https:\/\/wgphoto.pl\/t\/index.php?rest_route=\/wp\/v2\/types\/post"}],"author":[{"embeddable":true,"href":"https:\/\/wgphoto.pl\/t\/index.php?rest_route=\/wp\/v2\/users\/1"}],"replies":[{"embeddable":true,"href":"https:\/\/wgphoto.pl\/t\/index.php?rest_route=%2Fwp%2Fv2%2Fcomments&post=17283"}],"version-history":[{"count":1,"href":"https:\/\/wgphoto.pl\/t\/index.php?rest_route=\/wp\/v2\/posts\/17283\/revisions"}],"predecessor-version":[{"id":17285,"href":"https:\/\/wgphoto.pl\/t\/index.php?rest_route=\/wp\/v2\/posts\/17283\/revisions\/17285"}],"wp:featuredmedia":[{"embeddable":true,"href":"https:\/\/wgphoto.pl\/t\/index.php?rest_route=\/wp\/v2\/media\/17284"}],"wp:attachment":[{"href":"https:\/\/wgphoto.pl\/t\/index.php?rest_route=%2Fwp%2Fv2%2Fmedia&parent=17283"}],"wp:term":[{"taxonomy":"category","embeddable":true,"href":"https:\/\/wgphoto.pl\/t\/index.php?rest_route=%2Fwp%2Fv2%2Fcategories&post=17283"},{"taxonomy":"post_tag","embeddable":true,"href":"https:\/\/wgphoto.pl\/t\/index.php?rest_route=%2Fwp%2Fv2%2Ftags&post=17283"}],"curies":[{"name":"wp","href":"https:\/\/api.w.org\/{rel}","templated":true}]}}