{"id":17301,"date":"2025-05-24T21:42:40","date_gmt":"2025-05-24T19:42:40","guid":{"rendered":"https:\/\/wgphoto.pl\/t\/?p=17301"},"modified":"2025-05-24T21:42:40","modified_gmt":"2025-05-24T19:42:40","slug":"uniwersalna-z-towarowym","status":"publish","type":"post","link":"https:\/\/wgphoto.pl\/t\/?p=17301","title":{"rendered":"Uniwersalna z towarowym"},"content":{"rendered":"\n<figure class=\"wp-block-image aligncenter size-full\"><img loading=\"lazy\" decoding=\"async\" width=\"1200\" height=\"800\" src=\"https:\/\/wgphoto.pl\/t\/wp-content\/uploads\/2025\/05\/0809-31.jpg\" alt=\"\" class=\"wp-image-17302\" srcset=\"https:\/\/wgphoto.pl\/t\/wp-content\/uploads\/2025\/05\/0809-31.jpg 1200w, https:\/\/wgphoto.pl\/t\/wp-content\/uploads\/2025\/05\/0809-31-300x200.jpg 300w, https:\/\/wgphoto.pl\/t\/wp-content\/uploads\/2025\/05\/0809-31-768x512.jpg 768w\" sizes=\"auto, (max-width: 1200px) 100vw, 1200px\" \/><\/figure>\n\n\n\n<div class=\"wp-block-group has-global-padding is-layout-constrained wp-block-group-is-layout-constrained\">\n<p>SU45-239 oczekuje w K\u0119trzynie zwolnienia szlaku do Ster\u0142awek Wielkich. Przed podzia\u0142em na sp\u00f3\u0142eczki takie widoki na linii Korsze &#8211; E\u0142k by\u0142y dosy\u0107 cz\u0119ste, ale z uwagi na prowadzenie ruchu towarowego g\u0142\u00f3wnie noc\u0105 sam z\u0142apa\u0142em SU45 z bruttem tylko ten jeden raz. 07.08.2008<\/p>\n<\/div>\n","protected":false},"excerpt":{"rendered":"<p>SU45-239 oczekuje w K\u0119trzynie zwolnienia szlaku do Ster\u0142awek Wielkich. Przed podzia\u0142em na sp\u00f3\u0142eczki takie widoki na linii Korsze &#8211; E\u0142k by\u0142y dosy\u0107 cz\u0119ste, ale z uwagi na prowadzenie ruchu towarowego g\u0142\u00f3wnie noc\u0105 sam z\u0142apa\u0142em SU45 z bruttem tylko ten jeden raz. 07.08.2008<\/p>\n","protected":false},"author":1,"featured_media":17302,"comment_status":"open","ping_status":"","sticky":false,"template":"","format":"standard","meta":{"footnotes":""},"categories":[62,2,120],"tags":[2625,2794,63,27,290,322,90],"class_list":["post-17301","post","type-post","status-publish","format-standard","has-post-thumbnail","hentry","category-analog","category-kolej","category-rok-2008","tag-2008-08-07","tag-ketrzyn","tag-pkp","tag-polska","tag-su45","tag-tab-pl510","tag-wieczorem"],"_links":{"self":[{"href":"https:\/\/wgphoto.pl\/t\/index.php?rest_route=\/wp\/v2\/posts\/17301","targetHints":{"allow":["GET"]}}],"collection":[{"href":"https:\/\/wgphoto.pl\/t\/index.php?rest_route=\/wp\/v2\/posts"}],"about":[{"href":"https:\/\/wgphoto.pl\/t\/index.php?rest_route=\/wp\/v2\/types\/post"}],"author":[{"embeddable":true,"href":"https:\/\/wgphoto.pl\/t\/index.php?rest_route=\/wp\/v2\/users\/1"}],"replies":[{"embeddable":true,"href":"https:\/\/wgphoto.pl\/t\/index.php?rest_route=%2Fwp%2Fv2%2Fcomments&post=17301"}],"version-history":[{"count":1,"href":"https:\/\/wgphoto.pl\/t\/index.php?rest_route=\/wp\/v2\/posts\/17301\/revisions"}],"predecessor-version":[{"id":17303,"href":"https:\/\/wgphoto.pl\/t\/index.php?rest_route=\/wp\/v2\/posts\/17301\/revisions\/17303"}],"wp:featuredmedia":[{"embeddable":true,"href":"https:\/\/wgphoto.pl\/t\/index.php?rest_route=\/wp\/v2\/media\/17302"}],"wp:attachment":[{"href":"https:\/\/wgphoto.pl\/t\/index.php?rest_route=%2Fwp%2Fv2%2Fmedia&parent=17301"}],"wp:term":[{"taxonomy":"category","embeddable":true,"href":"https:\/\/wgphoto.pl\/t\/index.php?rest_route=%2Fwp%2Fv2%2Fcategories&post=17301"},{"taxonomy":"post_tag","embeddable":true,"href":"https:\/\/wgphoto.pl\/t\/index.php?rest_route=%2Fwp%2Fv2%2Ftags&post=17301"}],"curies":[{"name":"wp","href":"https:\/\/api.w.org\/{rel}","templated":true}]}}