{"id":17304,"date":"2025-05-24T21:43:35","date_gmt":"2025-05-24T19:43:35","guid":{"rendered":"https:\/\/wgphoto.pl\/t\/?p=17304"},"modified":"2025-05-24T21:43:35","modified_gmt":"2025-05-24T19:43:35","slug":"chwile-po-zachodzie-2","status":"publish","type":"post","link":"https:\/\/wgphoto.pl\/t\/?p=17304","title":{"rendered":"Chwil\u0119 po zachodzie"},"content":{"rendered":"\n<figure class=\"wp-block-image aligncenter size-full\"><img loading=\"lazy\" decoding=\"async\" width=\"1200\" height=\"800\" src=\"https:\/\/wgphoto.pl\/t\/wp-content\/uploads\/2025\/05\/0809-32.jpg\" alt=\"\" class=\"wp-image-17305\" srcset=\"https:\/\/wgphoto.pl\/t\/wp-content\/uploads\/2025\/05\/0809-32.jpg 1200w, https:\/\/wgphoto.pl\/t\/wp-content\/uploads\/2025\/05\/0809-32-300x200.jpg 300w, https:\/\/wgphoto.pl\/t\/wp-content\/uploads\/2025\/05\/0809-32-768x512.jpg 768w\" sizes=\"auto, (max-width: 1200px) 100vw, 1200px\" \/><\/figure>\n\n\n\n<div class=\"wp-block-group has-global-padding is-layout-constrained wp-block-group-is-layout-constrained\">\n<p>SU45-070 z poci\u0105giem pospiesznym 54503 &#8222;Pogoria&#8221; z E\u0142ku do Bielska-Bia\u0142ej tu\u017c po zachodzie s\u0142o\u0144ca wje\u017cd\u017ca na stacj\u0119 w K\u0119trzynie. 07.08.2008<\/p>\n<\/div>\n","protected":false},"excerpt":{"rendered":"<p>SU45-070 z poci\u0105giem pospiesznym 54503 &#8222;Pogoria&#8221; z E\u0142ku do Bielska-Bia\u0142ej tu\u017c po zachodzie s\u0142o\u0144ca wje\u017cd\u017ca na stacj\u0119 w K\u0119trzynie. 07.08.2008<\/p>\n","protected":false},"author":1,"featured_media":17305,"comment_status":"open","ping_status":"","sticky":false,"template":"","format":"standard","meta":{"footnotes":""},"categories":[62,2,120],"tags":[2625,2794,63,27,290,53,322,90,231],"class_list":["post-17304","post","type-post","status-publish","format-standard","has-post-thumbnail","hentry","category-analog","category-kolej","category-rok-2008","tag-2008-08-07","tag-ketrzyn","tag-pkp","tag-polska","tag-su45","tag-sygnalizacja-ksztaltowa","tag-tab-pl510","tag-wieczorem","tag-wieza-cisnien"],"_links":{"self":[{"href":"https:\/\/wgphoto.pl\/t\/index.php?rest_route=\/wp\/v2\/posts\/17304","targetHints":{"allow":["GET"]}}],"collection":[{"href":"https:\/\/wgphoto.pl\/t\/index.php?rest_route=\/wp\/v2\/posts"}],"about":[{"href":"https:\/\/wgphoto.pl\/t\/index.php?rest_route=\/wp\/v2\/types\/post"}],"author":[{"embeddable":true,"href":"https:\/\/wgphoto.pl\/t\/index.php?rest_route=\/wp\/v2\/users\/1"}],"replies":[{"embeddable":true,"href":"https:\/\/wgphoto.pl\/t\/index.php?rest_route=%2Fwp%2Fv2%2Fcomments&post=17304"}],"version-history":[{"count":1,"href":"https:\/\/wgphoto.pl\/t\/index.php?rest_route=\/wp\/v2\/posts\/17304\/revisions"}],"predecessor-version":[{"id":17306,"href":"https:\/\/wgphoto.pl\/t\/index.php?rest_route=\/wp\/v2\/posts\/17304\/revisions\/17306"}],"wp:featuredmedia":[{"embeddable":true,"href":"https:\/\/wgphoto.pl\/t\/index.php?rest_route=\/wp\/v2\/media\/17305"}],"wp:attachment":[{"href":"https:\/\/wgphoto.pl\/t\/index.php?rest_route=%2Fwp%2Fv2%2Fmedia&parent=17304"}],"wp:term":[{"taxonomy":"category","embeddable":true,"href":"https:\/\/wgphoto.pl\/t\/index.php?rest_route=%2Fwp%2Fv2%2Fcategories&post=17304"},{"taxonomy":"post_tag","embeddable":true,"href":"https:\/\/wgphoto.pl\/t\/index.php?rest_route=%2Fwp%2Fv2%2Ftags&post=17304"}],"curies":[{"name":"wp","href":"https:\/\/api.w.org\/{rel}","templated":true}]}}