{"id":17319,"date":"2025-05-24T21:51:23","date_gmt":"2025-05-24T19:51:23","guid":{"rendered":"https:\/\/wgphoto.pl\/t\/?p=17319"},"modified":"2025-05-24T21:51:23","modified_gmt":"2025-05-24T19:51:23","slug":"pt47-112-wolsztyn","status":"publish","type":"post","link":"https:\/\/wgphoto.pl\/t\/?p=17319","title":{"rendered":"Pt47-112, Wolsztyn"},"content":{"rendered":"\n<figure class=\"wp-block-image aligncenter size-full\"><img loading=\"lazy\" decoding=\"async\" width=\"1200\" height=\"800\" src=\"https:\/\/wgphoto.pl\/t\/wp-content\/uploads\/2025\/05\/0326-02.jpg\" alt=\"\" class=\"wp-image-17320\" srcset=\"https:\/\/wgphoto.pl\/t\/wp-content\/uploads\/2025\/05\/0326-02.jpg 1200w, https:\/\/wgphoto.pl\/t\/wp-content\/uploads\/2025\/05\/0326-02-300x200.jpg 300w, https:\/\/wgphoto.pl\/t\/wp-content\/uploads\/2025\/05\/0326-02-768x512.jpg 768w\" sizes=\"auto, (max-width: 1200px) 100vw, 1200px\" \/><\/figure>\n\n\n\n<div class=\"wp-block-group has-global-padding is-layout-constrained wp-block-group-is-layout-constrained\">\n<p>Z d\u0142ugim sk\u0142adem towarowym wyrusza w kierunku Zb\u0105szynka. To by\u0142o chyba pierwsze moje foto czynnego parowozu wi\u0119c nie wiedzia\u0142em jeszcze, \u017ce przy starcie trzeba kadrowa\u0107 wy\u017cej. \ud83d\ude09 25.07.2003<\/p>\n<\/div>\n","protected":false},"excerpt":{"rendered":"<p>Z d\u0142ugim sk\u0142adem towarowym wyrusza w kierunku Zb\u0105szynka. To by\u0142o chyba pierwsze moje foto czynnego parowozu wi\u0119c nie wiedzia\u0142em jeszcze, \u017ce przy starcie trzeba kadrowa\u0107 wy\u017cej. \ud83d\ude09 25.07.2003<\/p>\n","protected":false},"author":1,"featured_media":17320,"comment_status":"open","ping_status":"","sticky":false,"template":"","format":"standard","meta":{"footnotes":""},"categories":[62,2,149],"tags":[3830,13,358,63,27,3739,53,721,3580],"class_list":["post-17319","post","type-post","status-publish","format-standard","has-post-thumbnail","hentry","category-analog","category-kolej","category-rok-2003","tag-2003-07-25","tag-deszcz","tag-parowoz","tag-pkp","tag-polska","tag-pt47","tag-sygnalizacja-ksztaltowa","tag-tab-pl328","tag-wolsztyn"],"_links":{"self":[{"href":"https:\/\/wgphoto.pl\/t\/index.php?rest_route=\/wp\/v2\/posts\/17319","targetHints":{"allow":["GET"]}}],"collection":[{"href":"https:\/\/wgphoto.pl\/t\/index.php?rest_route=\/wp\/v2\/posts"}],"about":[{"href":"https:\/\/wgphoto.pl\/t\/index.php?rest_route=\/wp\/v2\/types\/post"}],"author":[{"embeddable":true,"href":"https:\/\/wgphoto.pl\/t\/index.php?rest_route=\/wp\/v2\/users\/1"}],"replies":[{"embeddable":true,"href":"https:\/\/wgphoto.pl\/t\/index.php?rest_route=%2Fwp%2Fv2%2Fcomments&post=17319"}],"version-history":[{"count":1,"href":"https:\/\/wgphoto.pl\/t\/index.php?rest_route=\/wp\/v2\/posts\/17319\/revisions"}],"predecessor-version":[{"id":17321,"href":"https:\/\/wgphoto.pl\/t\/index.php?rest_route=\/wp\/v2\/posts\/17319\/revisions\/17321"}],"wp:featuredmedia":[{"embeddable":true,"href":"https:\/\/wgphoto.pl\/t\/index.php?rest_route=\/wp\/v2\/media\/17320"}],"wp:attachment":[{"href":"https:\/\/wgphoto.pl\/t\/index.php?rest_route=%2Fwp%2Fv2%2Fmedia&parent=17319"}],"wp:term":[{"taxonomy":"category","embeddable":true,"href":"https:\/\/wgphoto.pl\/t\/index.php?rest_route=%2Fwp%2Fv2%2Fcategories&post=17319"},{"taxonomy":"post_tag","embeddable":true,"href":"https:\/\/wgphoto.pl\/t\/index.php?rest_route=%2Fwp%2Fv2%2Ftags&post=17319"}],"curies":[{"name":"wp","href":"https:\/\/api.w.org\/{rel}","templated":true}]}}