{"id":17343,"date":"2025-05-24T22:01:58","date_gmt":"2025-05-24T20:01:58","guid":{"rendered":"https:\/\/wgphoto.pl\/t\/?p=17343"},"modified":"2025-05-24T22:01:58","modified_gmt":"2025-05-24T20:01:58","slug":"odjazd-3","status":"publish","type":"post","link":"https:\/\/wgphoto.pl\/t\/?p=17343","title":{"rendered":"Odjazd"},"content":{"rendered":"\n<figure class=\"wp-block-image aligncenter size-full\"><img loading=\"lazy\" decoding=\"async\" width=\"1050\" height=\"700\" src=\"https:\/\/wgphoto.pl\/t\/wp-content\/uploads\/2025\/05\/0728-12.jpg\" alt=\"\" class=\"wp-image-17344\" srcset=\"https:\/\/wgphoto.pl\/t\/wp-content\/uploads\/2025\/05\/0728-12.jpg 1050w, https:\/\/wgphoto.pl\/t\/wp-content\/uploads\/2025\/05\/0728-12-300x200.jpg 300w, https:\/\/wgphoto.pl\/t\/wp-content\/uploads\/2025\/05\/0728-12-768x512.jpg 768w\" sizes=\"auto, (max-width: 1050px) 100vw, 1050px\" \/><\/figure>\n\n\n\n<div class=\"wp-block-group has-global-padding is-layout-constrained wp-block-group-is-layout-constrained\">\n<p>Odrapana ST43-292 zaraz minie kamufluj\u0105cy si\u0119 w\u015br\u00f3d zieleni semafor drogowskazowy (dawniej wyjazdowy) w kierunku Opola oraz tarcz\u0119 ostrzegawcz\u0105 odnosz\u0105c\u0105 si\u0119 do nowego, \u015bwietlnego wyjazdu, kompatybilnego z LCS-em na E30. 08.09.2007<\/p>\n<\/div>\n","protected":false},"excerpt":{"rendered":"<p>Odrapana ST43-292 zaraz minie kamufluj\u0105cy si\u0119 w\u015br\u00f3d zieleni semafor drogowskazowy (dawniej wyjazdowy) w kierunku Opola oraz tarcz\u0119 ostrzegawcz\u0105 odnosz\u0105c\u0105 si\u0119 do nowego, \u015bwietlnego wyjazdu, kompatybilnego z LCS-em na E30. 08.09.2007<\/p>\n","protected":false},"author":1,"featured_media":17344,"comment_status":"open","ping_status":"","sticky":false,"template":"","format":"standard","meta":{"footnotes":""},"categories":[62,2,96],"tags":[3609,63,27,64,53,314,312],"class_list":["post-17343","post","type-post","status-publish","format-standard","has-post-thumbnail","hentry","category-analog","category-kolej","category-rok-2007","tag-2007-09-08","tag-pkp","tag-polska","tag-st43","tag-sygnalizacja-ksztaltowa","tag-szydlow","tag-tab-pl202"],"_links":{"self":[{"href":"https:\/\/wgphoto.pl\/t\/index.php?rest_route=\/wp\/v2\/posts\/17343","targetHints":{"allow":["GET"]}}],"collection":[{"href":"https:\/\/wgphoto.pl\/t\/index.php?rest_route=\/wp\/v2\/posts"}],"about":[{"href":"https:\/\/wgphoto.pl\/t\/index.php?rest_route=\/wp\/v2\/types\/post"}],"author":[{"embeddable":true,"href":"https:\/\/wgphoto.pl\/t\/index.php?rest_route=\/wp\/v2\/users\/1"}],"replies":[{"embeddable":true,"href":"https:\/\/wgphoto.pl\/t\/index.php?rest_route=%2Fwp%2Fv2%2Fcomments&post=17343"}],"version-history":[{"count":1,"href":"https:\/\/wgphoto.pl\/t\/index.php?rest_route=\/wp\/v2\/posts\/17343\/revisions"}],"predecessor-version":[{"id":17345,"href":"https:\/\/wgphoto.pl\/t\/index.php?rest_route=\/wp\/v2\/posts\/17343\/revisions\/17345"}],"wp:featuredmedia":[{"embeddable":true,"href":"https:\/\/wgphoto.pl\/t\/index.php?rest_route=\/wp\/v2\/media\/17344"}],"wp:attachment":[{"href":"https:\/\/wgphoto.pl\/t\/index.php?rest_route=%2Fwp%2Fv2%2Fmedia&parent=17343"}],"wp:term":[{"taxonomy":"category","embeddable":true,"href":"https:\/\/wgphoto.pl\/t\/index.php?rest_route=%2Fwp%2Fv2%2Fcategories&post=17343"},{"taxonomy":"post_tag","embeddable":true,"href":"https:\/\/wgphoto.pl\/t\/index.php?rest_route=%2Fwp%2Fv2%2Ftags&post=17343"}],"curies":[{"name":"wp","href":"https:\/\/api.w.org\/{rel}","templated":true}]}}