{"id":17359,"date":"2025-05-25T13:32:48","date_gmt":"2025-05-25T11:32:48","guid":{"rendered":"https:\/\/wgphoto.pl\/t\/?p=17359"},"modified":"2025-05-25T13:32:48","modified_gmt":"2025-05-25T11:32:48","slug":"standard","status":"publish","type":"post","link":"https:\/\/wgphoto.pl\/t\/?p=17359","title":{"rendered":"Standard"},"content":{"rendered":"\n<figure class=\"wp-block-image aligncenter size-full\"><img loading=\"lazy\" decoding=\"async\" width=\"1400\" height=\"927\" src=\"https:\/\/wgphoto.pl\/t\/wp-content\/uploads\/2025\/05\/IMGP2404.jpg\" alt=\"\" class=\"wp-image-17360\" srcset=\"https:\/\/wgphoto.pl\/t\/wp-content\/uploads\/2025\/05\/IMGP2404.jpg 1400w, https:\/\/wgphoto.pl\/t\/wp-content\/uploads\/2025\/05\/IMGP2404-300x199.jpg 300w, https:\/\/wgphoto.pl\/t\/wp-content\/uploads\/2025\/05\/IMGP2404-768x509.jpg 768w\" sizes=\"auto, (max-width: 1400px) 100vw, 1400px\" \/><\/figure>\n\n\n\n<div class=\"wp-block-group has-global-padding is-layout-constrained wp-block-group-is-layout-constrained\">\n<p>814.233+234 jako poci\u0105g osobowy 9059 Praha hl.n. &#8211; \u010cer\u010dany jedzie dolin\u0105 S\u00e1zavy na odcinku Petrov u Prahy &#8211; Luka pod Medn\u00edkem. Tak wygl\u0105da standardowa obs\u0142uga poci\u0105g\u00f3w na tej trasie. W dni wolne uzupe\u0142niana jest trzema parami regularnych osob\u00f3wek na sk\u0142adzie wagonowym, kt\u00f3rych zdj\u0119cia pewnie kiedy\u015b tu wrzuc\u0119. 18.05.2025<\/p>\n<\/div>\n","protected":false},"excerpt":{"rendered":"<p>814.233+234 jako poci\u0105g osobowy 9059 Praha hl.n. &#8211; \u010cer\u010dany jedzie dolin\u0105 S\u00e1zavy na odcinku Petrov u Prahy &#8211; Luka pod Medn\u00edkem. Tak wygl\u0105da standardowa obs\u0142uga poci\u0105g\u00f3w na tej trasie. W dni wolne uzupe\u0142niana jest trzema parami regularnych osob\u00f3wek na sk\u0142adzie wagonowym, kt\u00f3rych zdj\u0119cia pewnie kiedy\u015b tu wrzuc\u0119. 18.05.2025<\/p>\n","protected":false},"author":1,"featured_media":17360,"comment_status":"open","ping_status":"","sticky":false,"template":"","format":"standard","meta":{"footnotes":""},"categories":[2,3208],"tags":[3843,211,50,49,3842,3839,3841,73,244,2218],"class_list":["post-17359","post","type-post","status-publish","format-standard","has-post-thumbnail","hentry","category-kolej","category-rok-2025","tag-2025-05-18","tag-211","tag-cd","tag-czechy","tag-luka-pod-mednikem","tag-majowka-2025","tag-petrov-u-prahy","tag-rzeka","tag-skaly","tag-tab-cz210"],"_links":{"self":[{"href":"https:\/\/wgphoto.pl\/t\/index.php?rest_route=\/wp\/v2\/posts\/17359","targetHints":{"allow":["GET"]}}],"collection":[{"href":"https:\/\/wgphoto.pl\/t\/index.php?rest_route=\/wp\/v2\/posts"}],"about":[{"href":"https:\/\/wgphoto.pl\/t\/index.php?rest_route=\/wp\/v2\/types\/post"}],"author":[{"embeddable":true,"href":"https:\/\/wgphoto.pl\/t\/index.php?rest_route=\/wp\/v2\/users\/1"}],"replies":[{"embeddable":true,"href":"https:\/\/wgphoto.pl\/t\/index.php?rest_route=%2Fwp%2Fv2%2Fcomments&post=17359"}],"version-history":[{"count":1,"href":"https:\/\/wgphoto.pl\/t\/index.php?rest_route=\/wp\/v2\/posts\/17359\/revisions"}],"predecessor-version":[{"id":17361,"href":"https:\/\/wgphoto.pl\/t\/index.php?rest_route=\/wp\/v2\/posts\/17359\/revisions\/17361"}],"wp:featuredmedia":[{"embeddable":true,"href":"https:\/\/wgphoto.pl\/t\/index.php?rest_route=\/wp\/v2\/media\/17360"}],"wp:attachment":[{"href":"https:\/\/wgphoto.pl\/t\/index.php?rest_route=%2Fwp%2Fv2%2Fmedia&parent=17359"}],"wp:term":[{"taxonomy":"category","embeddable":true,"href":"https:\/\/wgphoto.pl\/t\/index.php?rest_route=%2Fwp%2Fv2%2Fcategories&post=17359"},{"taxonomy":"post_tag","embeddable":true,"href":"https:\/\/wgphoto.pl\/t\/index.php?rest_route=%2Fwp%2Fv2%2Ftags&post=17359"}],"curies":[{"name":"wp","href":"https:\/\/api.w.org\/{rel}","templated":true}]}}