{"id":17365,"date":"2025-05-25T13:34:14","date_gmt":"2025-05-25T11:34:14","guid":{"rendered":"https:\/\/wgphoto.pl\/t\/?p=17365"},"modified":"2025-05-25T13:34:14","modified_gmt":"2025-05-25T11:34:14","slug":"814-223","status":"publish","type":"post","link":"https:\/\/wgphoto.pl\/t\/?p=17365","title":{"rendered":"814.223"},"content":{"rendered":"\n<figure class=\"wp-block-image aligncenter size-full\"><img loading=\"lazy\" decoding=\"async\" width=\"1400\" height=\"927\" src=\"https:\/\/wgphoto.pl\/t\/wp-content\/uploads\/2025\/05\/IMGP2441.jpg\" alt=\"\" class=\"wp-image-17366\" srcset=\"https:\/\/wgphoto.pl\/t\/wp-content\/uploads\/2025\/05\/IMGP2441.jpg 1400w, https:\/\/wgphoto.pl\/t\/wp-content\/uploads\/2025\/05\/IMGP2441-300x199.jpg 300w, https:\/\/wgphoto.pl\/t\/wp-content\/uploads\/2025\/05\/IMGP2441-768x509.jpg 768w\" sizes=\"auto, (max-width: 1400px) 100vw, 1400px\" \/><\/figure>\n\n\n\n<div class=\"wp-block-group has-global-padding is-layout-constrained wp-block-group-is-layout-constrained\">\n<p>814.223+224 z\u0142apany kilka sekund p\u00f3\u017aniej wzgl\u0119dem poprzedniego zdj\u0119cia. Petrov u Prahy &#8211; Luka pod Medn\u00edkem, 18.05.2025<\/p>\n<\/div>\n","protected":false},"excerpt":{"rendered":"<p>814.223+224 z\u0142apany kilka sekund p\u00f3\u017aniej wzgl\u0119dem poprzedniego zdj\u0119cia. Petrov u Prahy &#8211; Luka pod Medn\u00edkem, 18.05.2025<\/p>\n","protected":false},"author":1,"featured_media":17366,"comment_status":"open","ping_status":"","sticky":false,"template":"","format":"standard","meta":{"footnotes":""},"categories":[2,3208],"tags":[3843,211,50,49,173,3842,3839,3841,73,244,2218],"class_list":["post-17365","post","type-post","status-publish","format-standard","has-post-thumbnail","hentry","category-kolej","category-rok-2025","tag-2025-05-18","tag-211","tag-cd","tag-czechy","tag-koncowki","tag-luka-pod-mednikem","tag-majowka-2025","tag-petrov-u-prahy","tag-rzeka","tag-skaly","tag-tab-cz210"],"_links":{"self":[{"href":"https:\/\/wgphoto.pl\/t\/index.php?rest_route=\/wp\/v2\/posts\/17365","targetHints":{"allow":["GET"]}}],"collection":[{"href":"https:\/\/wgphoto.pl\/t\/index.php?rest_route=\/wp\/v2\/posts"}],"about":[{"href":"https:\/\/wgphoto.pl\/t\/index.php?rest_route=\/wp\/v2\/types\/post"}],"author":[{"embeddable":true,"href":"https:\/\/wgphoto.pl\/t\/index.php?rest_route=\/wp\/v2\/users\/1"}],"replies":[{"embeddable":true,"href":"https:\/\/wgphoto.pl\/t\/index.php?rest_route=%2Fwp%2Fv2%2Fcomments&post=17365"}],"version-history":[{"count":1,"href":"https:\/\/wgphoto.pl\/t\/index.php?rest_route=\/wp\/v2\/posts\/17365\/revisions"}],"predecessor-version":[{"id":17367,"href":"https:\/\/wgphoto.pl\/t\/index.php?rest_route=\/wp\/v2\/posts\/17365\/revisions\/17367"}],"wp:featuredmedia":[{"embeddable":true,"href":"https:\/\/wgphoto.pl\/t\/index.php?rest_route=\/wp\/v2\/media\/17366"}],"wp:attachment":[{"href":"https:\/\/wgphoto.pl\/t\/index.php?rest_route=%2Fwp%2Fv2%2Fmedia&parent=17365"}],"wp:term":[{"taxonomy":"category","embeddable":true,"href":"https:\/\/wgphoto.pl\/t\/index.php?rest_route=%2Fwp%2Fv2%2Fcategories&post=17365"},{"taxonomy":"post_tag","embeddable":true,"href":"https:\/\/wgphoto.pl\/t\/index.php?rest_route=%2Fwp%2Fv2%2Ftags&post=17365"}],"curies":[{"name":"wp","href":"https:\/\/api.w.org\/{rel}","templated":true}]}}