{"id":17378,"date":"2025-05-25T15:18:15","date_gmt":"2025-05-25T13:18:15","guid":{"rendered":"https:\/\/wgphoto.pl\/t\/?p=17378"},"modified":"2025-05-25T15:19:29","modified_gmt":"2025-05-25T13:19:29","slug":"potrojniak-pod-wiaduktem","status":"publish","type":"post","link":"https:\/\/wgphoto.pl\/t\/?p=17378","title":{"rendered":"Potr\u00f3jniak pod wiaduktem"},"content":{"rendered":"\n<figure class=\"wp-block-image aligncenter size-full\"><img loading=\"lazy\" decoding=\"async\" width=\"1400\" height=\"927\" src=\"https:\/\/wgphoto.pl\/t\/wp-content\/uploads\/2025\/05\/IMGP4158.jpg\" alt=\"\" class=\"wp-image-17379\" srcset=\"https:\/\/wgphoto.pl\/t\/wp-content\/uploads\/2025\/05\/IMGP4158.jpg 1400w, https:\/\/wgphoto.pl\/t\/wp-content\/uploads\/2025\/05\/IMGP4158-300x199.jpg 300w, https:\/\/wgphoto.pl\/t\/wp-content\/uploads\/2025\/05\/IMGP4158-768x509.jpg 768w\" sizes=\"auto, (max-width: 1400px) 100vw, 1400px\" \/><\/figure>\n\n\n\n<div class=\"wp-block-group has-global-padding is-layout-constrained wp-block-group-is-layout-constrained\">\n<p>Lipsk, Torgauer Stra\u00dfe. Na ko\u0144cu potr\u00f3jniaka jedzie bierna, niskopod\u0142ogowa doczepa. Foto pokazuje r\u00f3wnie\u017c, \u017ce mo\u017cna pod wiaduktem podwiesi\u0107 sie\u0107 w spos\u00f3b nie wymagaj\u0105cy ograniczenia pr\u0119dko\u015bci tramwaju. 30.04.2016<\/p>\n<\/div>\n","protected":false},"excerpt":{"rendered":"<p>Lipsk, Torgauer Stra\u00dfe. Na ko\u0144cu potr\u00f3jniaka jedzie bierna, niskopod\u0142ogowa doczepa. Foto pokazuje r\u00f3wnie\u017c, \u017ce mo\u017cna pod wiaduktem podwiesi\u0107 sie\u0107 w spos\u00f3b nie wymagaj\u0105cy ograniczenia pr\u0119dko\u015bci tramwaju. 30.04.2016<\/p>\n","protected":false},"author":1,"featured_media":17379,"comment_status":"open","ping_status":"","sticky":false,"template":"","format":"standard","meta":{"footnotes":""},"categories":[125,3],"tags":[1532,3534,230,1180,1179,635,23,143,135],"class_list":["post-17378","post","type-post","status-publish","format-standard","has-post-thumbnail","hentry","category-rok-2016","category-tramwaj","tag-2016-04-30","tag-bombardier-nb4","tag-infrastruktura","tag-lipsk","tag-lvb-leipzig","tag-majowka-2016","tag-niemcy","tag-ponad-30m","tag-potrojniak"],"_links":{"self":[{"href":"https:\/\/wgphoto.pl\/t\/index.php?rest_route=\/wp\/v2\/posts\/17378","targetHints":{"allow":["GET"]}}],"collection":[{"href":"https:\/\/wgphoto.pl\/t\/index.php?rest_route=\/wp\/v2\/posts"}],"about":[{"href":"https:\/\/wgphoto.pl\/t\/index.php?rest_route=\/wp\/v2\/types\/post"}],"author":[{"embeddable":true,"href":"https:\/\/wgphoto.pl\/t\/index.php?rest_route=\/wp\/v2\/users\/1"}],"replies":[{"embeddable":true,"href":"https:\/\/wgphoto.pl\/t\/index.php?rest_route=%2Fwp%2Fv2%2Fcomments&post=17378"}],"version-history":[{"count":1,"href":"https:\/\/wgphoto.pl\/t\/index.php?rest_route=\/wp\/v2\/posts\/17378\/revisions"}],"predecessor-version":[{"id":17380,"href":"https:\/\/wgphoto.pl\/t\/index.php?rest_route=\/wp\/v2\/posts\/17378\/revisions\/17380"}],"wp:featuredmedia":[{"embeddable":true,"href":"https:\/\/wgphoto.pl\/t\/index.php?rest_route=\/wp\/v2\/media\/17379"}],"wp:attachment":[{"href":"https:\/\/wgphoto.pl\/t\/index.php?rest_route=%2Fwp%2Fv2%2Fmedia&parent=17378"}],"wp:term":[{"taxonomy":"category","embeddable":true,"href":"https:\/\/wgphoto.pl\/t\/index.php?rest_route=%2Fwp%2Fv2%2Fcategories&post=17378"},{"taxonomy":"post_tag","embeddable":true,"href":"https:\/\/wgphoto.pl\/t\/index.php?rest_route=%2Fwp%2Fv2%2Ftags&post=17378"}],"curies":[{"name":"wp","href":"https:\/\/api.w.org\/{rel}","templated":true}]}}