{"id":17381,"date":"2025-05-25T15:19:07","date_gmt":"2025-05-25T13:19:07","guid":{"rendered":"https:\/\/wgphoto.pl\/t\/?p=17381"},"modified":"2025-05-25T15:19:07","modified_gmt":"2025-05-25T13:19:07","slug":"znad-renu-nad-wisle","status":"publish","type":"post","link":"https:\/\/wgphoto.pl\/t\/?p=17381","title":{"rendered":"Znad Renu nad Wis\u0142\u0119"},"content":{"rendered":"\n<figure class=\"wp-block-image aligncenter size-full\"><img loading=\"lazy\" decoding=\"async\" width=\"1400\" height=\"927\" src=\"https:\/\/wgphoto.pl\/t\/wp-content\/uploads\/2025\/05\/IMGP4484.jpg\" alt=\"\" class=\"wp-image-17382\" srcset=\"https:\/\/wgphoto.pl\/t\/wp-content\/uploads\/2025\/05\/IMGP4484.jpg 1400w, https:\/\/wgphoto.pl\/t\/wp-content\/uploads\/2025\/05\/IMGP4484-300x199.jpg 300w, https:\/\/wgphoto.pl\/t\/wp-content\/uploads\/2025\/05\/IMGP4484-768x509.jpg 768w\" sizes=\"auto, (max-width: 1400px) 100vw, 1400px\" \/><\/figure>\n\n\n\n<div class=\"wp-block-group has-global-padding is-layout-constrained wp-block-group-is-layout-constrained\">\n<p>Neuss, D\u00fcsseldorfer Stra\u00dfe. Sk\u0142ad GT8SU 3220+? na linii U75. Pierwszy wagon w 2025 roku zako\u0144czy\u0142 karier\u0119 w Rheinbahn i trafi\u0142 do Krakowa, gdzie otrzyma\u0142 numer RF341. 19.09.2023<\/p>\n<\/div>\n","protected":false},"excerpt":{"rendered":"<p>Neuss, D\u00fcsseldorfer Stra\u00dfe. Sk\u0142ad GT8SU 3220+? na linii U75. Pierwszy wagon w 2025 roku zako\u0144czy\u0142 karier\u0119 w Rheinbahn i trafi\u0142 do Krakowa, gdzie otrzyma\u0142 numer RF341. 19.09.2023<\/p>\n","protected":false},"author":1,"featured_media":17382,"comment_status":"open","ping_status":"","sticky":false,"template":"","format":"standard","meta":{"footnotes":""},"categories":[6,3],"tags":[562,559,238,303,3846,23,143,558,561],"class_list":["post-17381","post","type-post","status-publish","format-standard","has-post-thumbnail","hentry","category-2023r","category-tramwaj","tag-2023-09-19","tag-d-ticket-2023","tag-gt8","tag-industrial","tag-neuss","tag-niemcy","tag-ponad-30m","tag-rheinbahn","tag-tramwaj-podmiejski"],"_links":{"self":[{"href":"https:\/\/wgphoto.pl\/t\/index.php?rest_route=\/wp\/v2\/posts\/17381","targetHints":{"allow":["GET"]}}],"collection":[{"href":"https:\/\/wgphoto.pl\/t\/index.php?rest_route=\/wp\/v2\/posts"}],"about":[{"href":"https:\/\/wgphoto.pl\/t\/index.php?rest_route=\/wp\/v2\/types\/post"}],"author":[{"embeddable":true,"href":"https:\/\/wgphoto.pl\/t\/index.php?rest_route=\/wp\/v2\/users\/1"}],"replies":[{"embeddable":true,"href":"https:\/\/wgphoto.pl\/t\/index.php?rest_route=%2Fwp%2Fv2%2Fcomments&post=17381"}],"version-history":[{"count":1,"href":"https:\/\/wgphoto.pl\/t\/index.php?rest_route=\/wp\/v2\/posts\/17381\/revisions"}],"predecessor-version":[{"id":17383,"href":"https:\/\/wgphoto.pl\/t\/index.php?rest_route=\/wp\/v2\/posts\/17381\/revisions\/17383"}],"wp:featuredmedia":[{"embeddable":true,"href":"https:\/\/wgphoto.pl\/t\/index.php?rest_route=\/wp\/v2\/media\/17382"}],"wp:attachment":[{"href":"https:\/\/wgphoto.pl\/t\/index.php?rest_route=%2Fwp%2Fv2%2Fmedia&parent=17381"}],"wp:term":[{"taxonomy":"category","embeddable":true,"href":"https:\/\/wgphoto.pl\/t\/index.php?rest_route=%2Fwp%2Fv2%2Fcategories&post=17381"},{"taxonomy":"post_tag","embeddable":true,"href":"https:\/\/wgphoto.pl\/t\/index.php?rest_route=%2Fwp%2Fv2%2Ftags&post=17381"}],"curies":[{"name":"wp","href":"https:\/\/api.w.org\/{rel}","templated":true}]}}