{"id":17396,"date":"2025-05-25T15:44:18","date_gmt":"2025-05-25T13:44:18","guid":{"rendered":"https:\/\/wgphoto.pl\/t\/?p=17396"},"modified":"2026-04-13T19:04:13","modified_gmt":"2026-04-13T17:04:13","slug":"niemiecka-rumunia","status":"publish","type":"post","link":"https:\/\/wgphoto.pl\/t\/?p=17396","title":{"rendered":"Niemiecka Rumunia"},"content":{"rendered":"\n<figure class=\"wp-block-image aligncenter size-full\"><img loading=\"lazy\" decoding=\"async\" width=\"1200\" height=\"795\" src=\"https:\/\/wgphoto.pl\/t\/wp-content\/uploads\/2025\/05\/IMGP2362.jpg\" alt=\"\" class=\"wp-image-17397\" srcset=\"https:\/\/wgphoto.pl\/t\/wp-content\/uploads\/2025\/05\/IMGP2362.jpg 1200w, https:\/\/wgphoto.pl\/t\/wp-content\/uploads\/2025\/05\/IMGP2362-300x199.jpg 300w, https:\/\/wgphoto.pl\/t\/wp-content\/uploads\/2025\/05\/IMGP2362-768x509.jpg 768w\" sizes=\"auto, (max-width: 1200px) 100vw, 1200px\" \/><\/figure>\n\n\n\n<div class=\"wp-block-group has-global-padding is-layout-constrained wp-block-group-is-layout-constrained\">\n<p>Stacja Timisoara Nord i wariacje na temat peronu pierwszego &#8211; zdaje si\u0119, \u017ce od lewej kolejno by\u0142y to perony: 1a, 1b i 1c. A przy tych peronach w\u0142a\u015bciwie trzy pokolenia pojazd\u00f3w, na dodatek wszystkie jako\u015b tak dziwnie nierumu\u0144skie. \ud83d\ude09 20.08.2015<\/p>\n<\/div>\n","protected":false},"excerpt":{"rendered":"<p>Stacja Timisoara Nord i wariacje na temat peronu pierwszego &#8211; zdaje si\u0119, \u017ce od lewej kolejno by\u0142y to perony: 1a, 1b i 1c. A przy tych peronach w\u0142a\u015bciwie trzy pokolenia pojazd\u00f3w, na dodatek wszystkie jako\u015b tak dziwnie nierumu\u0144skie. \ud83d\ude09 20.08.2015<\/p>\n","protected":false},"author":1,"featured_media":17397,"comment_status":"open","ping_status":"","sticky":false,"template":"","format":"standard","meta":{"footnotes":""},"categories":[2,104],"tags":[1301,283,958,256,4684,24,574,1176,3132,265,107],"class_list":["post-17396","post","type-post","status-publish","format-standard","has-post-thumbnail","hentry","category-kolej","category-rok-2015","tag-2015-08-20","tag-bdhpmnu","tag-cfr","tag-desiro","tag-ferkeltaxe","tag-perony","tag-rumunia","tag-timisoara","tag-timisoara-nord","tag-wagon","tag-wakacje-2015"],"_links":{"self":[{"href":"https:\/\/wgphoto.pl\/t\/index.php?rest_route=\/wp\/v2\/posts\/17396","targetHints":{"allow":["GET"]}}],"collection":[{"href":"https:\/\/wgphoto.pl\/t\/index.php?rest_route=\/wp\/v2\/posts"}],"about":[{"href":"https:\/\/wgphoto.pl\/t\/index.php?rest_route=\/wp\/v2\/types\/post"}],"author":[{"embeddable":true,"href":"https:\/\/wgphoto.pl\/t\/index.php?rest_route=\/wp\/v2\/users\/1"}],"replies":[{"embeddable":true,"href":"https:\/\/wgphoto.pl\/t\/index.php?rest_route=%2Fwp%2Fv2%2Fcomments&post=17396"}],"version-history":[{"count":1,"href":"https:\/\/wgphoto.pl\/t\/index.php?rest_route=\/wp\/v2\/posts\/17396\/revisions"}],"predecessor-version":[{"id":17398,"href":"https:\/\/wgphoto.pl\/t\/index.php?rest_route=\/wp\/v2\/posts\/17396\/revisions\/17398"}],"wp:featuredmedia":[{"embeddable":true,"href":"https:\/\/wgphoto.pl\/t\/index.php?rest_route=\/wp\/v2\/media\/17397"}],"wp:attachment":[{"href":"https:\/\/wgphoto.pl\/t\/index.php?rest_route=%2Fwp%2Fv2%2Fmedia&parent=17396"}],"wp:term":[{"taxonomy":"category","embeddable":true,"href":"https:\/\/wgphoto.pl\/t\/index.php?rest_route=%2Fwp%2Fv2%2Fcategories&post=17396"},{"taxonomy":"post_tag","embeddable":true,"href":"https:\/\/wgphoto.pl\/t\/index.php?rest_route=%2Fwp%2Fv2%2Ftags&post=17396"}],"curies":[{"name":"wp","href":"https:\/\/api.w.org\/{rel}","templated":true}]}}