{"id":1740,"date":"2024-10-06T20:26:16","date_gmt":"2024-10-06T18:26:16","guid":{"rendered":"https:\/\/wgphoto.pl\/t\/?p=1740"},"modified":"2024-10-06T20:26:16","modified_gmt":"2024-10-06T18:26:16","slug":"stary-nowy-most","status":"publish","type":"post","link":"https:\/\/wgphoto.pl\/t\/?p=1740","title":{"rendered":"Stary nowy most"},"content":{"rendered":"\n<figure class=\"wp-block-image aligncenter size-full\"><img loading=\"lazy\" decoding=\"async\" width=\"1200\" height=\"795\" src=\"https:\/\/wgphoto.pl\/t\/wp-content\/uploads\/2024\/10\/IMGP4159.jpg\" alt=\"\" class=\"wp-image-1741\" srcset=\"https:\/\/wgphoto.pl\/t\/wp-content\/uploads\/2024\/10\/IMGP4159.jpg 1200w, https:\/\/wgphoto.pl\/t\/wp-content\/uploads\/2024\/10\/IMGP4159-300x199.jpg 300w, https:\/\/wgphoto.pl\/t\/wp-content\/uploads\/2024\/10\/IMGP4159-768x509.jpg 768w\" sizes=\"auto, (max-width: 1200px) 100vw, 1200px\" \/><\/figure>\n\n\n\n<div class=\"wp-block-group has-global-padding is-layout-constrained wp-block-group-is-layout-constrained\">\n<p>Bratys\u0142awa, Star\u00fd most. Klasyk z nowej trasy do Petr\u017ealki, gdzie w latach 2013-2016 w miejscu i kszta\u0142cie starego wybudowano nowy most, s\u0142u\u017c\u0105cy obecnie tylko tramwajom, pieszym i rowerzystom. Te pierwsze korzystaj\u0105 oczywi\u015bcie z toru w\u0105skiego, jednak z my\u015bl\u0105 o dalekiej przysz\u0142o\u015bci po\u0142o\u017cono od razu r\u00f3wnie\u017c tor normalny, w rzadko spotykanym czteroszynowym uk\u0142adzie. 23.06.2019<\/p>\n<\/div>\n","protected":false},"excerpt":{"rendered":"<p>Bratys\u0142awa, Star\u00fd most. Klasyk z nowej trasy do Petr\u017ealki, gdzie w latach 2013-2016 w miejscu i kszta\u0142cie starego wybudowano nowy most, s\u0142u\u017c\u0105cy obecnie tylko tramwajom, pieszym i rowerzystom. Te pierwsze korzystaj\u0105 oczywi\u015bcie z toru w\u0105skiego, jednak z my\u015bl\u0105 o dalekiej przysz\u0142o\u015bci po\u0142o\u017cono od razu r\u00f3wnie\u017c tor normalny, w rzadko spotykanym czteroszynowym uk\u0142adzie. 23.06.2019<\/p>\n","protected":false},"author":1,"featured_media":1741,"comment_status":"open","ping_status":"","sticky":false,"template":"","format":"standard","meta":{"footnotes":""},"categories":[136,3],"tags":[903,902,906,45,118,905,904,675],"class_list":["post-1740","post","type-post","status-publish","format-standard","has-post-thumbnail","hentry","category-rok-2019","category-tramwaj","tag-2019-06-23","tag-bratyslawa","tag-dp-bratislava","tag-most","tag-plany-i-profile","tag-przez","tag-skoda-30t","tag-slowacja"],"_links":{"self":[{"href":"https:\/\/wgphoto.pl\/t\/index.php?rest_route=\/wp\/v2\/posts\/1740","targetHints":{"allow":["GET"]}}],"collection":[{"href":"https:\/\/wgphoto.pl\/t\/index.php?rest_route=\/wp\/v2\/posts"}],"about":[{"href":"https:\/\/wgphoto.pl\/t\/index.php?rest_route=\/wp\/v2\/types\/post"}],"author":[{"embeddable":true,"href":"https:\/\/wgphoto.pl\/t\/index.php?rest_route=\/wp\/v2\/users\/1"}],"replies":[{"embeddable":true,"href":"https:\/\/wgphoto.pl\/t\/index.php?rest_route=%2Fwp%2Fv2%2Fcomments&post=1740"}],"version-history":[{"count":1,"href":"https:\/\/wgphoto.pl\/t\/index.php?rest_route=\/wp\/v2\/posts\/1740\/revisions"}],"predecessor-version":[{"id":1742,"href":"https:\/\/wgphoto.pl\/t\/index.php?rest_route=\/wp\/v2\/posts\/1740\/revisions\/1742"}],"wp:featuredmedia":[{"embeddable":true,"href":"https:\/\/wgphoto.pl\/t\/index.php?rest_route=\/wp\/v2\/media\/1741"}],"wp:attachment":[{"href":"https:\/\/wgphoto.pl\/t\/index.php?rest_route=%2Fwp%2Fv2%2Fmedia&parent=1740"}],"wp:term":[{"taxonomy":"category","embeddable":true,"href":"https:\/\/wgphoto.pl\/t\/index.php?rest_route=%2Fwp%2Fv2%2Fcategories&post=1740"},{"taxonomy":"post_tag","embeddable":true,"href":"https:\/\/wgphoto.pl\/t\/index.php?rest_route=%2Fwp%2Fv2%2Ftags&post=1740"}],"curies":[{"name":"wp","href":"https:\/\/api.w.org\/{rel}","templated":true}]}}