{"id":17423,"date":"2025-05-25T15:54:37","date_gmt":"2025-05-25T13:54:37","guid":{"rendered":"https:\/\/wgphoto.pl\/t\/?p=17423"},"modified":"2025-05-25T15:54:52","modified_gmt":"2025-05-25T13:54:52","slug":"pusty-deptak-o-poranku-2","status":"publish","type":"post","link":"https:\/\/wgphoto.pl\/t\/?p=17423","title":{"rendered":"Pusty deptak o poranku"},"content":{"rendered":"\n<figure class=\"wp-block-image aligncenter size-full\"><img loading=\"lazy\" decoding=\"async\" width=\"1200\" height=\"795\" src=\"https:\/\/wgphoto.pl\/t\/wp-content\/uploads\/2025\/05\/IMGP2920.jpg\" alt=\"\" class=\"wp-image-17424\" srcset=\"https:\/\/wgphoto.pl\/t\/wp-content\/uploads\/2025\/05\/IMGP2920.jpg 1200w, https:\/\/wgphoto.pl\/t\/wp-content\/uploads\/2025\/05\/IMGP2920-300x199.jpg 300w, https:\/\/wgphoto.pl\/t\/wp-content\/uploads\/2025\/05\/IMGP2920-768x509.jpg 768w\" sizes=\"auto, (max-width: 1200px) 100vw, 1200px\" \/><\/figure>\n\n\n\n<div class=\"wp-block-group has-global-padding is-layout-constrained wp-block-group-is-layout-constrained\">\n<p>Katowice, ul. 3. Maja. Do czerwonego tramwaju jeszcze nie dosi\u0119gaj\u0105 pierwsze promienie wschodz\u0105cego s\u0142o\u0144ca, a pusty deptak zawsze warto uwieczni\u0107, bo przez wi\u0119ksz\u0105 cz\u0119\u015b\u0107 dnia jest tu zdecydowanie wi\u0119cej \u017cycia. 23.08.2015<\/p>\n<\/div>\n","protected":false},"excerpt":{"rendered":"<p>Katowice, ul. 3. Maja. Do czerwonego tramwaju jeszcze nie dosi\u0119gaj\u0105 pierwsze promienie wschodz\u0105cego s\u0142o\u0144ca, a pusty deptak zawsze warto uwieczni\u0107, bo przez wi\u0119ksz\u0105 cz\u0119\u015b\u0107 dnia jest tu zdecydowanie wi\u0119cej \u017cycia. 23.08.2015<\/p>\n","protected":false},"author":1,"featured_media":17424,"comment_status":"open","ping_status":"","sticky":false,"template":"","format":"standard","meta":{"footnotes":""},"categories":[104,3],"tags":[155,3848,239,277,1371,27,176,279,107],"class_list":["post-17423","post","type-post","status-publish","format-standard","has-post-thumbnail","hentry","category-rok-2015","category-tramwaj","tag-105na","tag-2015-08-23","tag-deptak","tag-gop","tag-katowice","tag-polska","tag-rano","tag-tramwaje-slaskie","tag-wakacje-2015"],"_links":{"self":[{"href":"https:\/\/wgphoto.pl\/t\/index.php?rest_route=\/wp\/v2\/posts\/17423","targetHints":{"allow":["GET"]}}],"collection":[{"href":"https:\/\/wgphoto.pl\/t\/index.php?rest_route=\/wp\/v2\/posts"}],"about":[{"href":"https:\/\/wgphoto.pl\/t\/index.php?rest_route=\/wp\/v2\/types\/post"}],"author":[{"embeddable":true,"href":"https:\/\/wgphoto.pl\/t\/index.php?rest_route=\/wp\/v2\/users\/1"}],"replies":[{"embeddable":true,"href":"https:\/\/wgphoto.pl\/t\/index.php?rest_route=%2Fwp%2Fv2%2Fcomments&post=17423"}],"version-history":[{"count":1,"href":"https:\/\/wgphoto.pl\/t\/index.php?rest_route=\/wp\/v2\/posts\/17423\/revisions"}],"predecessor-version":[{"id":17425,"href":"https:\/\/wgphoto.pl\/t\/index.php?rest_route=\/wp\/v2\/posts\/17423\/revisions\/17425"}],"wp:featuredmedia":[{"embeddable":true,"href":"https:\/\/wgphoto.pl\/t\/index.php?rest_route=\/wp\/v2\/media\/17424"}],"wp:attachment":[{"href":"https:\/\/wgphoto.pl\/t\/index.php?rest_route=%2Fwp%2Fv2%2Fmedia&parent=17423"}],"wp:term":[{"taxonomy":"category","embeddable":true,"href":"https:\/\/wgphoto.pl\/t\/index.php?rest_route=%2Fwp%2Fv2%2Fcategories&post=17423"},{"taxonomy":"post_tag","embeddable":true,"href":"https:\/\/wgphoto.pl\/t\/index.php?rest_route=%2Fwp%2Fv2%2Ftags&post=17423"}],"curies":[{"name":"wp","href":"https:\/\/api.w.org\/{rel}","templated":true}]}}