{"id":17427,"date":"2025-05-25T16:58:54","date_gmt":"2025-05-25T14:58:54","guid":{"rendered":"https:\/\/wgphoto.pl\/t\/?p=17427"},"modified":"2025-05-25T16:58:54","modified_gmt":"2025-05-25T14:58:54","slug":"kolory-zimowego-zmierzchu","status":"publish","type":"post","link":"https:\/\/wgphoto.pl\/t\/?p=17427","title":{"rendered":"Kolory zimowego zmierzchu"},"content":{"rendered":"\n<figure class=\"wp-block-image aligncenter size-full\"><img loading=\"lazy\" decoding=\"async\" width=\"1200\" height=\"795\" src=\"https:\/\/wgphoto.pl\/t\/wp-content\/uploads\/2025\/05\/IMGP3678.jpg\" alt=\"\" class=\"wp-image-17428\" srcset=\"https:\/\/wgphoto.pl\/t\/wp-content\/uploads\/2025\/05\/IMGP3678.jpg 1200w, https:\/\/wgphoto.pl\/t\/wp-content\/uploads\/2025\/05\/IMGP3678-300x199.jpg 300w, https:\/\/wgphoto.pl\/t\/wp-content\/uploads\/2025\/05\/IMGP3678-768x509.jpg 768w\" sizes=\"auto, (max-width: 1200px) 100vw, 1200px\" \/><\/figure>\n\n\n\n<div class=\"wp-block-group has-global-padding is-layout-constrained wp-block-group-is-layout-constrained\">\n<p>\u015awi\u0105teczne popo\u0142udnie na ulicy Kazimierza Wielkiego we Wroc\u0142awiu. Trafi\u0142 si\u0119 nawet tramwaj z choink\u0105 w kabinie. 26.12.2015<\/p>\n<\/div>\n","protected":false},"excerpt":{"rendered":"<p>\u015awi\u0105teczne popo\u0142udnie na ulicy Kazimierza Wielkiego we Wroc\u0142awiu. Trafi\u0142 si\u0119 nawet tramwaj z choink\u0105 w kabinie. 26.12.2015<\/p>\n","protected":false},"author":1,"featured_media":17428,"comment_status":"open","ping_status":"","sticky":false,"template":"","format":"standard","meta":{"footnotes":""},"categories":[104,3],"tags":[43,3849,42,27,1491,90,41],"class_list":["post-17427","post","type-post","status-publish","format-standard","has-post-thumbnail","hentry","category-rok-2015","category-tramwaj","tag-105nwr","tag-2015-12-26","tag-mpk-wroclaw","tag-polska","tag-swiateczne-akcenty","tag-wieczorem","tag-wroclaw"],"_links":{"self":[{"href":"https:\/\/wgphoto.pl\/t\/index.php?rest_route=\/wp\/v2\/posts\/17427","targetHints":{"allow":["GET"]}}],"collection":[{"href":"https:\/\/wgphoto.pl\/t\/index.php?rest_route=\/wp\/v2\/posts"}],"about":[{"href":"https:\/\/wgphoto.pl\/t\/index.php?rest_route=\/wp\/v2\/types\/post"}],"author":[{"embeddable":true,"href":"https:\/\/wgphoto.pl\/t\/index.php?rest_route=\/wp\/v2\/users\/1"}],"replies":[{"embeddable":true,"href":"https:\/\/wgphoto.pl\/t\/index.php?rest_route=%2Fwp%2Fv2%2Fcomments&post=17427"}],"version-history":[{"count":1,"href":"https:\/\/wgphoto.pl\/t\/index.php?rest_route=\/wp\/v2\/posts\/17427\/revisions"}],"predecessor-version":[{"id":17429,"href":"https:\/\/wgphoto.pl\/t\/index.php?rest_route=\/wp\/v2\/posts\/17427\/revisions\/17429"}],"wp:featuredmedia":[{"embeddable":true,"href":"https:\/\/wgphoto.pl\/t\/index.php?rest_route=\/wp\/v2\/media\/17428"}],"wp:attachment":[{"href":"https:\/\/wgphoto.pl\/t\/index.php?rest_route=%2Fwp%2Fv2%2Fmedia&parent=17427"}],"wp:term":[{"taxonomy":"category","embeddable":true,"href":"https:\/\/wgphoto.pl\/t\/index.php?rest_route=%2Fwp%2Fv2%2Fcategories&post=17427"},{"taxonomy":"post_tag","embeddable":true,"href":"https:\/\/wgphoto.pl\/t\/index.php?rest_route=%2Fwp%2Fv2%2Ftags&post=17427"}],"curies":[{"name":"wp","href":"https:\/\/api.w.org\/{rel}","templated":true}]}}