{"id":1743,"date":"2024-10-06T20:27:19","date_gmt":"2024-10-06T18:27:19","guid":{"rendered":"https:\/\/wgphoto.pl\/t\/?p=1743"},"modified":"2024-10-06T20:27:19","modified_gmt":"2024-10-06T18:27:19","slug":"znajdz-niepasujacy-element","status":"publish","type":"post","link":"https:\/\/wgphoto.pl\/t\/?p=1743","title":{"rendered":"Znajd\u017a niepasuj\u0105cy element"},"content":{"rendered":"\n<figure class=\"wp-block-image aligncenter size-full\"><img loading=\"lazy\" decoding=\"async\" width=\"1200\" height=\"800\" src=\"https:\/\/wgphoto.pl\/t\/wp-content\/uploads\/2024\/10\/0302-20A.jpg\" alt=\"\" class=\"wp-image-1744\" srcset=\"https:\/\/wgphoto.pl\/t\/wp-content\/uploads\/2024\/10\/0302-20A.jpg 1200w, https:\/\/wgphoto.pl\/t\/wp-content\/uploads\/2024\/10\/0302-20A-300x200.jpg 300w, https:\/\/wgphoto.pl\/t\/wp-content\/uploads\/2024\/10\/0302-20A-768x512.jpg 768w\" sizes=\"auto, (max-width: 1200px) 100vw, 1200px\" \/><\/figure>\n\n\n\n<div class=\"wp-block-group has-global-padding is-layout-constrained wp-block-group-is-layout-constrained\">\n<p>Szczeci\u0144ska EU07-428 z poci\u0105giem pospiesznym 58105 &#8222;Bryza&#8221; relacji Olsztyn G\u0142. &#8211; Szczecin G\u0142. odje\u017cd\u017ca z Gda\u0144ska G\u0142\u00f3wnego. 05.02.2003<\/p>\n<\/div>\n","protected":false},"excerpt":{"rendered":"<p>Szczeci\u0144ska EU07-428 z poci\u0105giem pospiesznym 58105 &#8222;Bryza&#8221; relacji Olsztyn G\u0142. &#8211; Szczecin G\u0142. odje\u017cd\u017ca z Gda\u0144ska G\u0142\u00f3wnego. 05.02.2003<\/p>\n","protected":false},"author":1,"featured_media":1744,"comment_status":"open","ping_status":"","sticky":false,"template":"","format":"standard","meta":{"footnotes":""},"categories":[62,2,149],"tags":[910,122,907,908,24,63,27,44,909,611],"class_list":["post-1743","post","type-post","status-publish","format-standard","has-post-thumbnail","hentry","category-analog","category-kolej","category-rok-2003","tag-2003-02-05","tag-eu07","tag-gdansk","tag-gdansk-glowny","tag-perony","tag-pkp","tag-polska","tag-snieg","tag-tab-pl380","tag-tab-pl452"],"_links":{"self":[{"href":"https:\/\/wgphoto.pl\/t\/index.php?rest_route=\/wp\/v2\/posts\/1743","targetHints":{"allow":["GET"]}}],"collection":[{"href":"https:\/\/wgphoto.pl\/t\/index.php?rest_route=\/wp\/v2\/posts"}],"about":[{"href":"https:\/\/wgphoto.pl\/t\/index.php?rest_route=\/wp\/v2\/types\/post"}],"author":[{"embeddable":true,"href":"https:\/\/wgphoto.pl\/t\/index.php?rest_route=\/wp\/v2\/users\/1"}],"replies":[{"embeddable":true,"href":"https:\/\/wgphoto.pl\/t\/index.php?rest_route=%2Fwp%2Fv2%2Fcomments&post=1743"}],"version-history":[{"count":1,"href":"https:\/\/wgphoto.pl\/t\/index.php?rest_route=\/wp\/v2\/posts\/1743\/revisions"}],"predecessor-version":[{"id":1745,"href":"https:\/\/wgphoto.pl\/t\/index.php?rest_route=\/wp\/v2\/posts\/1743\/revisions\/1745"}],"wp:featuredmedia":[{"embeddable":true,"href":"https:\/\/wgphoto.pl\/t\/index.php?rest_route=\/wp\/v2\/media\/1744"}],"wp:attachment":[{"href":"https:\/\/wgphoto.pl\/t\/index.php?rest_route=%2Fwp%2Fv2%2Fmedia&parent=1743"}],"wp:term":[{"taxonomy":"category","embeddable":true,"href":"https:\/\/wgphoto.pl\/t\/index.php?rest_route=%2Fwp%2Fv2%2Fcategories&post=1743"},{"taxonomy":"post_tag","embeddable":true,"href":"https:\/\/wgphoto.pl\/t\/index.php?rest_route=%2Fwp%2Fv2%2Ftags&post=1743"}],"curies":[{"name":"wp","href":"https:\/\/api.w.org\/{rel}","templated":true}]}}