{"id":17445,"date":"2025-05-25T17:04:36","date_gmt":"2025-05-25T15:04:36","guid":{"rendered":"https:\/\/wgphoto.pl\/t\/?p=17445"},"modified":"2025-05-25T17:04:36","modified_gmt":"2025-05-25T15:04:36","slug":"sp32-096-z-lubawki","status":"publish","type":"post","link":"https:\/\/wgphoto.pl\/t\/?p=17445","title":{"rendered":"SP32-096 z Lubawki"},"content":{"rendered":"\n<figure class=\"wp-block-image aligncenter size-full\"><img loading=\"lazy\" decoding=\"async\" width=\"1200\" height=\"800\" src=\"https:\/\/wgphoto.pl\/t\/wp-content\/uploads\/2025\/05\/2002x-03a.jpg\" alt=\"\" class=\"wp-image-17446\" srcset=\"https:\/\/wgphoto.pl\/t\/wp-content\/uploads\/2025\/05\/2002x-03a.jpg 1200w, https:\/\/wgphoto.pl\/t\/wp-content\/uploads\/2025\/05\/2002x-03a-300x200.jpg 300w, https:\/\/wgphoto.pl\/t\/wp-content\/uploads\/2025\/05\/2002x-03a-768x512.jpg 768w\" sizes=\"auto, (max-width: 1200px) 100vw, 1200px\" \/><\/figure>\n\n\n\n<div class=\"wp-block-group has-global-padding is-layout-constrained wp-block-group-is-layout-constrained\">\n<p>Poci\u0105g osobowy 7733 z Lubawki do Wa\u0142brzycha G\u0142. mija okolice wsi D\u0119brznik mi\u0119dzy Kamienn\u0105 G\u00f3r\u0105 a S\u0119dzis\u0142awiem. Prowadz\u0105ca SP32-096 ze wzgl\u0119du na sw\u0105 nienagann\u0105 malatur\u0119 w \u0142adnych odcieniach \u017c\u00f3\u0142ci i zieleni by\u0142a jedn\u0105 z \u0142adniejszych maszyn tej serii pod koniec ich eksploatacji w wa\u0142brzyskiej lokomotywowni. 05.10.2002<\/p>\n<\/div>\n","protected":false},"excerpt":{"rendered":"<p>Poci\u0105g osobowy 7733 z Lubawki do Wa\u0142brzycha G\u0142. mija okolice wsi D\u0119brznik mi\u0119dzy Kamienn\u0105 G\u00f3r\u0105 a S\u0119dzis\u0142awiem. Prowadz\u0105ca SP32-096 ze wzgl\u0119du na sw\u0105 nienagann\u0105 malatur\u0119 w \u0142adnych odcieniach \u017c\u00f3\u0142ci i zieleni by\u0142a jedn\u0105 z \u0142adniejszych maszyn tej serii pod koniec ich eksploatacji w wa\u0142brzyskiej lokomotywowni. 05.10.2002<\/p>\n","protected":false},"author":1,"featured_media":17446,"comment_status":"open","ping_status":"","sticky":false,"template":"","format":"standard","meta":{"footnotes":""},"categories":[62,2,577],"tags":[3639,629,63,27,1061,385,627,1555],"class_list":["post-17445","post","type-post","status-publish","format-standard","has-post-thumbnail","hentry","category-analog","category-kolej","category-rok-2002","tag-2002-10-05","tag-kamienna-gora","tag-pkp","tag-polska","tag-sedzislaw","tag-sp32","tag-tab-pl247","tag-zwierzyna"],"_links":{"self":[{"href":"https:\/\/wgphoto.pl\/t\/index.php?rest_route=\/wp\/v2\/posts\/17445","targetHints":{"allow":["GET"]}}],"collection":[{"href":"https:\/\/wgphoto.pl\/t\/index.php?rest_route=\/wp\/v2\/posts"}],"about":[{"href":"https:\/\/wgphoto.pl\/t\/index.php?rest_route=\/wp\/v2\/types\/post"}],"author":[{"embeddable":true,"href":"https:\/\/wgphoto.pl\/t\/index.php?rest_route=\/wp\/v2\/users\/1"}],"replies":[{"embeddable":true,"href":"https:\/\/wgphoto.pl\/t\/index.php?rest_route=%2Fwp%2Fv2%2Fcomments&post=17445"}],"version-history":[{"count":1,"href":"https:\/\/wgphoto.pl\/t\/index.php?rest_route=\/wp\/v2\/posts\/17445\/revisions"}],"predecessor-version":[{"id":17447,"href":"https:\/\/wgphoto.pl\/t\/index.php?rest_route=\/wp\/v2\/posts\/17445\/revisions\/17447"}],"wp:featuredmedia":[{"embeddable":true,"href":"https:\/\/wgphoto.pl\/t\/index.php?rest_route=\/wp\/v2\/media\/17446"}],"wp:attachment":[{"href":"https:\/\/wgphoto.pl\/t\/index.php?rest_route=%2Fwp%2Fv2%2Fmedia&parent=17445"}],"wp:term":[{"taxonomy":"category","embeddable":true,"href":"https:\/\/wgphoto.pl\/t\/index.php?rest_route=%2Fwp%2Fv2%2Fcategories&post=17445"},{"taxonomy":"post_tag","embeddable":true,"href":"https:\/\/wgphoto.pl\/t\/index.php?rest_route=%2Fwp%2Fv2%2Ftags&post=17445"}],"curies":[{"name":"wp","href":"https:\/\/api.w.org\/{rel}","templated":true}]}}