{"id":17454,"date":"2025-05-25T17:07:41","date_gmt":"2025-05-25T15:07:41","guid":{"rendered":"https:\/\/wgphoto.pl\/t\/?p=17454"},"modified":"2025-05-25T17:07:41","modified_gmt":"2025-05-25T15:07:41","slug":"przylek-2","status":"publish","type":"post","link":"https:\/\/wgphoto.pl\/t\/?p=17454","title":{"rendered":"Przy\u0142\u0119k"},"content":{"rendered":"\n<figure class=\"wp-block-image aligncenter size-full\"><img loading=\"lazy\" decoding=\"async\" width=\"1200\" height=\"795\" src=\"https:\/\/wgphoto.pl\/t\/wp-content\/uploads\/2025\/05\/IMGP1631a.jpg\" alt=\"\" class=\"wp-image-17455\" srcset=\"https:\/\/wgphoto.pl\/t\/wp-content\/uploads\/2025\/05\/IMGP1631a.jpg 1200w, https:\/\/wgphoto.pl\/t\/wp-content\/uploads\/2025\/05\/IMGP1631a-300x199.jpg 300w, https:\/\/wgphoto.pl\/t\/wp-content\/uploads\/2025\/05\/IMGP1631a-768x509.jpg 768w\" sizes=\"auto, (max-width: 1200px) 100vw, 1200px\" \/><\/figure>\n\n\n\n<div class=\"wp-block-group has-global-padding is-layout-constrained wp-block-group-is-layout-constrained\">\n<p>Skoda STK z dobrze eksponuj\u0105cym si\u0119 sk\u0142adem &#8222;gruszek&#8221; jedzie przez Przy\u0142\u0119k i za chwil\u0119 minie semafor wjazdowy do stacji Bardo Przy\u0142\u0119k. Na dalszym planie, w drzewach, le\u017cy Suszka, gdzie znajduje si\u0119 nast\u0119pny przystanek kolejowy, a jeszcze wy\u017cej dostrzec mo\u017cna s\u0142upy trakcyjne na dalszej cz\u0119\u015bci szlaku do Kamie\u0144ca Z\u0105bkowickiego. 13.10.2018<\/p>\n<\/div>\n","protected":false},"excerpt":{"rendered":"<p>Skoda STK z dobrze eksponuj\u0105cym si\u0119 sk\u0142adem &#8222;gruszek&#8221; jedzie przez Przy\u0142\u0119k i za chwil\u0119 minie semafor wjazdowy do stacji Bardo Przy\u0142\u0119k. Na dalszym planie, w drzewach, le\u017cy Suszka, gdzie znajduje si\u0119 nast\u0119pny przystanek kolejowy, a jeszcze wy\u017cej dostrzec mo\u017cna s\u0142upy trakcyjne na dalszej cz\u0119\u015bci szlaku do Kamie\u0144ca Z\u0105bkowickiego. 13.10.2018<\/p>\n","protected":false},"author":1,"featured_media":17455,"comment_status":"open","ping_status":"","sticky":false,"template":"","format":"standard","meta":{"footnotes":""},"categories":[2,156],"tags":[3851,1226,113,118,27,3124,3541,383],"class_list":["post-17454","post","type-post","status-publish","format-standard","has-post-thumbnail","hentry","category-kolej","category-rok-2018","tag-2018-10-13","tag-bardo-przylek","tag-landszaft","tag-plany-i-profile","tag-polska","tag-stk","tag-suszka","tag-tab-pl230"],"_links":{"self":[{"href":"https:\/\/wgphoto.pl\/t\/index.php?rest_route=\/wp\/v2\/posts\/17454","targetHints":{"allow":["GET"]}}],"collection":[{"href":"https:\/\/wgphoto.pl\/t\/index.php?rest_route=\/wp\/v2\/posts"}],"about":[{"href":"https:\/\/wgphoto.pl\/t\/index.php?rest_route=\/wp\/v2\/types\/post"}],"author":[{"embeddable":true,"href":"https:\/\/wgphoto.pl\/t\/index.php?rest_route=\/wp\/v2\/users\/1"}],"replies":[{"embeddable":true,"href":"https:\/\/wgphoto.pl\/t\/index.php?rest_route=%2Fwp%2Fv2%2Fcomments&post=17454"}],"version-history":[{"count":1,"href":"https:\/\/wgphoto.pl\/t\/index.php?rest_route=\/wp\/v2\/posts\/17454\/revisions"}],"predecessor-version":[{"id":17456,"href":"https:\/\/wgphoto.pl\/t\/index.php?rest_route=\/wp\/v2\/posts\/17454\/revisions\/17456"}],"wp:featuredmedia":[{"embeddable":true,"href":"https:\/\/wgphoto.pl\/t\/index.php?rest_route=\/wp\/v2\/media\/17455"}],"wp:attachment":[{"href":"https:\/\/wgphoto.pl\/t\/index.php?rest_route=%2Fwp%2Fv2%2Fmedia&parent=17454"}],"wp:term":[{"taxonomy":"category","embeddable":true,"href":"https:\/\/wgphoto.pl\/t\/index.php?rest_route=%2Fwp%2Fv2%2Fcategories&post=17454"},{"taxonomy":"post_tag","embeddable":true,"href":"https:\/\/wgphoto.pl\/t\/index.php?rest_route=%2Fwp%2Fv2%2Ftags&post=17454"}],"curies":[{"name":"wp","href":"https:\/\/api.w.org\/{rel}","templated":true}]}}