{"id":17463,"date":"2025-05-25T17:10:11","date_gmt":"2025-05-25T15:10:11","guid":{"rendered":"https:\/\/wgphoto.pl\/t\/?p=17463"},"modified":"2025-05-25T17:10:11","modified_gmt":"2025-05-25T15:10:11","slug":"elementy-krajobrazu","status":"publish","type":"post","link":"https:\/\/wgphoto.pl\/t\/?p=17463","title":{"rendered":"Elementy krajobrazu"},"content":{"rendered":"\n<figure class=\"wp-block-image aligncenter size-full\"><img loading=\"lazy\" decoding=\"async\" width=\"1300\" height=\"731\" src=\"https:\/\/wgphoto.pl\/t\/wp-content\/uploads\/2025\/05\/IMGP1694.jpg\" alt=\"\" class=\"wp-image-17464\" srcset=\"https:\/\/wgphoto.pl\/t\/wp-content\/uploads\/2025\/05\/IMGP1694.jpg 1300w, https:\/\/wgphoto.pl\/t\/wp-content\/uploads\/2025\/05\/IMGP1694-300x169.jpg 300w, https:\/\/wgphoto.pl\/t\/wp-content\/uploads\/2025\/05\/IMGP1694-768x432.jpg 768w\" sizes=\"auto, (max-width: 1300px) 100vw, 1300px\" \/><\/figure>\n\n\n\n<div class=\"wp-block-group has-global-padding is-layout-constrained wp-block-group-is-layout-constrained\">\n<p>Poci\u0105g osobowy 69232 z Jeleniej G\u00f3ry do Wroc\u0142awia G\u0142\u00f3wnego zbli\u017ca si\u0119 do przystanku w Ciechanowicach. Takiego kadru zupe\u0142nie nie planowa\u0142em, gdy\u017c nie robi\u0105c ani kroku dalej ustawiony by\u0142em na zupe\u0142nie inne uj\u0119cie. Przy okazji fotografowania poci\u0105gu jad\u0105cego w przeciwnym kierunku okaza\u0142o si\u0119 jednak, \u017ce linia kolejowa ods\u0142ania si\u0119 jeszcze na chwil\u0119. Na pierwszym planie znajduje si\u0119 bardzo charakterystyczny ko\u015bci\u00f3\u0142 pw. \u015aw. Augustyna, dobrze znany z okien poci\u0105gu, lecz trudny do uj\u0119cia z nim w kadrze &#8211; a\u017c do teraz. W oddali wida\u0107 jeszcze sanatorium w Janowicach Wielkich. 16.10.2018<\/p>\n<\/div>\n","protected":false},"excerpt":{"rendered":"<p>Poci\u0105g osobowy 69232 z Jeleniej G\u00f3ry do Wroc\u0142awia G\u0142\u00f3wnego zbli\u017ca si\u0119 do przystanku w Ciechanowicach. Takiego kadru zupe\u0142nie nie planowa\u0142em, gdy\u017c nie robi\u0105c ani kroku dalej ustawiony by\u0142em na zupe\u0142nie inne uj\u0119cie. Przy okazji fotografowania poci\u0105gu jad\u0105cego w przeciwnym kierunku okaza\u0142o si\u0119 jednak, \u017ce linia kolejowa ods\u0142ania si\u0119 jeszcze na chwil\u0119. Na pierwszym planie znajduje [&hellip;]<\/p>\n","protected":false},"author":1,"featured_media":17464,"comment_status":"open","ping_status":"","sticky":false,"template":"","format":"standard","meta":{"footnotes":""},"categories":[2,156],"tags":[2044,499,2045,1290,126,402,113,404,27,200],"class_list":["post-17463","post","type-post","status-publish","format-standard","has-post-thumbnail","hentry","category-kolej","category-rok-2018","tag-2018-10-16","tag-45we","tag-ciechanowice","tag-janowice-wielkie","tag-jesien","tag-kd","tag-landszaft","tag-newag-impuls","tag-polska","tag-tab-pl240"],"_links":{"self":[{"href":"https:\/\/wgphoto.pl\/t\/index.php?rest_route=\/wp\/v2\/posts\/17463","targetHints":{"allow":["GET"]}}],"collection":[{"href":"https:\/\/wgphoto.pl\/t\/index.php?rest_route=\/wp\/v2\/posts"}],"about":[{"href":"https:\/\/wgphoto.pl\/t\/index.php?rest_route=\/wp\/v2\/types\/post"}],"author":[{"embeddable":true,"href":"https:\/\/wgphoto.pl\/t\/index.php?rest_route=\/wp\/v2\/users\/1"}],"replies":[{"embeddable":true,"href":"https:\/\/wgphoto.pl\/t\/index.php?rest_route=%2Fwp%2Fv2%2Fcomments&post=17463"}],"version-history":[{"count":1,"href":"https:\/\/wgphoto.pl\/t\/index.php?rest_route=\/wp\/v2\/posts\/17463\/revisions"}],"predecessor-version":[{"id":17465,"href":"https:\/\/wgphoto.pl\/t\/index.php?rest_route=\/wp\/v2\/posts\/17463\/revisions\/17465"}],"wp:featuredmedia":[{"embeddable":true,"href":"https:\/\/wgphoto.pl\/t\/index.php?rest_route=\/wp\/v2\/media\/17464"}],"wp:attachment":[{"href":"https:\/\/wgphoto.pl\/t\/index.php?rest_route=%2Fwp%2Fv2%2Fmedia&parent=17463"}],"wp:term":[{"taxonomy":"category","embeddable":true,"href":"https:\/\/wgphoto.pl\/t\/index.php?rest_route=%2Fwp%2Fv2%2Fcategories&post=17463"},{"taxonomy":"post_tag","embeddable":true,"href":"https:\/\/wgphoto.pl\/t\/index.php?rest_route=%2Fwp%2Fv2%2Ftags&post=17463"}],"curies":[{"name":"wp","href":"https:\/\/api.w.org\/{rel}","templated":true}]}}