{"id":17481,"date":"2025-05-25T17:15:33","date_gmt":"2025-05-25T15:15:33","guid":{"rendered":"https:\/\/wgphoto.pl\/t\/?p=17481"},"modified":"2025-05-25T17:15:33","modified_gmt":"2025-05-25T15:15:33","slug":"javornik-ve-slezsku","status":"publish","type":"post","link":"https:\/\/wgphoto.pl\/t\/?p=17481","title":{"rendered":"Javorn\u00edk ve Slezsku"},"content":{"rendered":"\n<figure class=\"wp-block-image aligncenter size-full\"><img loading=\"lazy\" decoding=\"async\" width=\"1200\" height=\"803\" src=\"https:\/\/wgphoto.pl\/t\/wp-content\/uploads\/2025\/05\/IMGP0408.jpg\" alt=\"\" class=\"wp-image-17482\" srcset=\"https:\/\/wgphoto.pl\/t\/wp-content\/uploads\/2025\/05\/IMGP0408.jpg 1200w, https:\/\/wgphoto.pl\/t\/wp-content\/uploads\/2025\/05\/IMGP0408-300x201.jpg 300w, https:\/\/wgphoto.pl\/t\/wp-content\/uploads\/2025\/05\/IMGP0408-768x514.jpg 768w\" sizes=\"auto, (max-width: 1200px) 100vw, 1200px\" \/><\/figure>\n\n\n\n<div class=\"wp-block-group has-global-padding is-layout-constrained wp-block-group-is-layout-constrained\">\n<p>810.026 jako Os 13603 do Jesen\u00edka oczekuje na pasa\u017cer\u00f3w na pocz\u0105tkowej stacji u podn\u00f3\u017ca G\u00f3r Z\u0142otych. W tle wyr\u00f3\u017cnia si\u0119 pa\u0142ac J\u00e1nsk\u00fd Vrch. 27.10.2009<\/p>\n<\/div>\n","protected":false},"excerpt":{"rendered":"<p>810.026 jako Os 13603 do Jesen\u00edka oczekuje na pasa\u017cer\u00f3w na pocz\u0105tkowej stacji u podn\u00f3\u017ca G\u00f3r Z\u0142otych. W tle wyr\u00f3\u017cnia si\u0119 pa\u0142ac J\u00e1nsk\u00fd Vrch. 27.10.2009<\/p>\n","protected":false},"author":1,"featured_media":17482,"comment_status":"open","ping_status":"","sticky":false,"template":"","format":"standard","meta":{"footnotes":""},"categories":[2,169],"tags":[1979,92,91,50,49,3821,94,176,3420],"class_list":["post-17481","post","type-post","status-publish","format-standard","has-post-thumbnail","hentry","category-kolej","category-rok-2009","tag-2009-10-27","tag-92","tag-blue-hour","tag-cd","tag-czechy","tag-javornik-ve-slezsku","tag-na-kolejowym-koncu-swiata","tag-rano","tag-tab-cz295"],"_links":{"self":[{"href":"https:\/\/wgphoto.pl\/t\/index.php?rest_route=\/wp\/v2\/posts\/17481","targetHints":{"allow":["GET"]}}],"collection":[{"href":"https:\/\/wgphoto.pl\/t\/index.php?rest_route=\/wp\/v2\/posts"}],"about":[{"href":"https:\/\/wgphoto.pl\/t\/index.php?rest_route=\/wp\/v2\/types\/post"}],"author":[{"embeddable":true,"href":"https:\/\/wgphoto.pl\/t\/index.php?rest_route=\/wp\/v2\/users\/1"}],"replies":[{"embeddable":true,"href":"https:\/\/wgphoto.pl\/t\/index.php?rest_route=%2Fwp%2Fv2%2Fcomments&post=17481"}],"version-history":[{"count":1,"href":"https:\/\/wgphoto.pl\/t\/index.php?rest_route=\/wp\/v2\/posts\/17481\/revisions"}],"predecessor-version":[{"id":17483,"href":"https:\/\/wgphoto.pl\/t\/index.php?rest_route=\/wp\/v2\/posts\/17481\/revisions\/17483"}],"wp:featuredmedia":[{"embeddable":true,"href":"https:\/\/wgphoto.pl\/t\/index.php?rest_route=\/wp\/v2\/media\/17482"}],"wp:attachment":[{"href":"https:\/\/wgphoto.pl\/t\/index.php?rest_route=%2Fwp%2Fv2%2Fmedia&parent=17481"}],"wp:term":[{"taxonomy":"category","embeddable":true,"href":"https:\/\/wgphoto.pl\/t\/index.php?rest_route=%2Fwp%2Fv2%2Fcategories&post=17481"},{"taxonomy":"post_tag","embeddable":true,"href":"https:\/\/wgphoto.pl\/t\/index.php?rest_route=%2Fwp%2Fv2%2Ftags&post=17481"}],"curies":[{"name":"wp","href":"https:\/\/api.w.org\/{rel}","templated":true}]}}