{"id":17484,"date":"2025-05-25T17:16:37","date_gmt":"2025-05-25T15:16:37","guid":{"rendered":"https:\/\/wgphoto.pl\/t\/?p=17484"},"modified":"2025-05-25T17:16:37","modified_gmt":"2025-05-25T15:16:37","slug":"plusy-i-minusy","status":"publish","type":"post","link":"https:\/\/wgphoto.pl\/t\/?p=17484","title":{"rendered":"Plusy i minusy"},"content":{"rendered":"\n<figure class=\"wp-block-image aligncenter size-full\"><img loading=\"lazy\" decoding=\"async\" width=\"1200\" height=\"795\" src=\"https:\/\/wgphoto.pl\/t\/wp-content\/uploads\/2025\/05\/IMGP8439.jpg\" alt=\"\" class=\"wp-image-17485\" srcset=\"https:\/\/wgphoto.pl\/t\/wp-content\/uploads\/2025\/05\/IMGP8439.jpg 1200w, https:\/\/wgphoto.pl\/t\/wp-content\/uploads\/2025\/05\/IMGP8439-300x199.jpg 300w, https:\/\/wgphoto.pl\/t\/wp-content\/uploads\/2025\/05\/IMGP8439-768x509.jpg 768w\" sizes=\"auto, (max-width: 1200px) 100vw, 1200px\" \/><\/figure>\n\n\n\n<div class=\"wp-block-group has-global-padding is-layout-constrained wp-block-group-is-layout-constrained\">\n<p>Rzym, Viale di Trastevere. Tramwaj jedzie akurat w przeciwnym kierunku ni\u017c plac Wenecki, ale kto by si\u0119 tam na Po\u0142udniu przejmowa\u0142 tre\u015bci\u0105 wy\u015bwietlacza. \ud83d\ude09 Plus natomiast nale\u017cy si\u0119 za widoczn\u0105 w tle zamiatark\u0119 ulic na torowisku. Mo\u017ce to przypadek, ale zbieranie li\u015bci jesieni\u0105 na takiej alei w\u015br\u00f3d wielkich platan\u00f3w z pewno\u015bci\u0105 poprawia warunki jazdy tramwaj\u00f3w. 11.11.2014<\/p>\n<\/div>\n","protected":false},"excerpt":{"rendered":"<p>Rzym, Viale di Trastevere. Tramwaj jedzie akurat w przeciwnym kierunku ni\u017c plac Wenecki, ale kto by si\u0119 tam na Po\u0142udniu przejmowa\u0142 tre\u015bci\u0105 wy\u015bwietlacza. \ud83d\ude09 Plus natomiast nale\u017cy si\u0119 za widoczn\u0105 w tle zamiatark\u0119 ulic na torowisku. Mo\u017ce to przypadek, ale zbieranie li\u015bci jesieni\u0105 na takiej alei w\u015br\u00f3d wielkich platan\u00f3w z pewno\u015bci\u0105 poprawia warunki jazdy tramwaj\u00f3w. [&hellip;]<\/p>\n","protected":false},"author":1,"featured_media":17485,"comment_status":"open","ping_status":"","sticky":false,"template":"","format":"standard","meta":{"footnotes":""},"categories":[48,3],"tags":[1032,1029,126,1031,110],"class_list":["post-17484","post","type-post","status-publish","format-standard","has-post-thumbnail","hentry","category-rok-2014","category-tramwaj","tag-2014-11-11","tag-atac-roma","tag-jesien","tag-rzym","tag-wlochy"],"_links":{"self":[{"href":"https:\/\/wgphoto.pl\/t\/index.php?rest_route=\/wp\/v2\/posts\/17484","targetHints":{"allow":["GET"]}}],"collection":[{"href":"https:\/\/wgphoto.pl\/t\/index.php?rest_route=\/wp\/v2\/posts"}],"about":[{"href":"https:\/\/wgphoto.pl\/t\/index.php?rest_route=\/wp\/v2\/types\/post"}],"author":[{"embeddable":true,"href":"https:\/\/wgphoto.pl\/t\/index.php?rest_route=\/wp\/v2\/users\/1"}],"replies":[{"embeddable":true,"href":"https:\/\/wgphoto.pl\/t\/index.php?rest_route=%2Fwp%2Fv2%2Fcomments&post=17484"}],"version-history":[{"count":1,"href":"https:\/\/wgphoto.pl\/t\/index.php?rest_route=\/wp\/v2\/posts\/17484\/revisions"}],"predecessor-version":[{"id":17486,"href":"https:\/\/wgphoto.pl\/t\/index.php?rest_route=\/wp\/v2\/posts\/17484\/revisions\/17486"}],"wp:featuredmedia":[{"embeddable":true,"href":"https:\/\/wgphoto.pl\/t\/index.php?rest_route=\/wp\/v2\/media\/17485"}],"wp:attachment":[{"href":"https:\/\/wgphoto.pl\/t\/index.php?rest_route=%2Fwp%2Fv2%2Fmedia&parent=17484"}],"wp:term":[{"taxonomy":"category","embeddable":true,"href":"https:\/\/wgphoto.pl\/t\/index.php?rest_route=%2Fwp%2Fv2%2Fcategories&post=17484"},{"taxonomy":"post_tag","embeddable":true,"href":"https:\/\/wgphoto.pl\/t\/index.php?rest_route=%2Fwp%2Fv2%2Ftags&post=17484"}],"curies":[{"name":"wp","href":"https:\/\/api.w.org\/{rel}","templated":true}]}}