{"id":1749,"date":"2024-10-06T20:29:52","date_gmt":"2024-10-06T18:29:52","guid":{"rendered":"https:\/\/wgphoto.pl\/t\/?p=1749"},"modified":"2024-10-06T20:29:52","modified_gmt":"2024-10-06T18:29:52","slug":"zwiedzanie-mgly","status":"publish","type":"post","link":"https:\/\/wgphoto.pl\/t\/?p=1749","title":{"rendered":"Zwiedzanie mg\u0142y"},"content":{"rendered":"\n<figure class=\"wp-block-image aligncenter size-full\"><img loading=\"lazy\" decoding=\"async\" width=\"1200\" height=\"800\" src=\"https:\/\/wgphoto.pl\/t\/wp-content\/uploads\/2024\/10\/0302-11A.jpg\" alt=\"\" class=\"wp-image-1750\" srcset=\"https:\/\/wgphoto.pl\/t\/wp-content\/uploads\/2024\/10\/0302-11A.jpg 1200w, https:\/\/wgphoto.pl\/t\/wp-content\/uploads\/2024\/10\/0302-11A-300x200.jpg 300w, https:\/\/wgphoto.pl\/t\/wp-content\/uploads\/2024\/10\/0302-11A-768x512.jpg 768w\" sizes=\"auto, (max-width: 1200px) 100vw, 1200px\" \/><\/figure>\n\n\n\n<div class=\"wp-block-group has-global-padding is-layout-constrained wp-block-group-is-layout-constrained\">\n<p>Grudzi\u0105dz, p\u0119tla Rz\u0105dz, sk\u0142ad 58+41. B\u0119d\u0105c pierwszy raz w Grudzi\u0105dzu tego zimowego poranka, zamiast miasta zobaczy\u0142em mg\u0142\u0119, kt\u00f3ra utrzymywa\u0142a si\u0119 przez ca\u0142e 2 lub 3 godziny pobytu. \ud83d\ude09 05.02.2003<\/p>\n<\/div>\n","protected":false},"excerpt":{"rendered":"<p>Grudzi\u0105dz, p\u0119tla Rz\u0105dz, sk\u0142ad 58+41. B\u0119d\u0105c pierwszy raz w Grudzi\u0105dzu tego zimowego poranka, zamiast miasta zobaczy\u0142em mg\u0142\u0119, kt\u00f3ra utrzymywa\u0142a si\u0119 przez ca\u0142e 2 lub 3 godziny pobytu. \ud83d\ude09 05.02.2003<\/p>\n","protected":false},"author":1,"featured_media":1750,"comment_status":"open","ping_status":"","sticky":false,"template":"","format":"standard","meta":{"footnotes":""},"categories":[62,149,3],"tags":[910,915,775,821,914,154,27,438,176,44],"class_list":["post-1749","post","type-post","status-publish","format-standard","has-post-thumbnail","hentry","category-analog","category-rok-2003","category-tramwaj","tag-2003-02-05","tag-grudziadz","tag-konstal-805n","tag-mgla","tag-mzk-grudziadz","tag-noc","tag-polska","tag-portret-z-petli","tag-rano","tag-snieg"],"_links":{"self":[{"href":"https:\/\/wgphoto.pl\/t\/index.php?rest_route=\/wp\/v2\/posts\/1749","targetHints":{"allow":["GET"]}}],"collection":[{"href":"https:\/\/wgphoto.pl\/t\/index.php?rest_route=\/wp\/v2\/posts"}],"about":[{"href":"https:\/\/wgphoto.pl\/t\/index.php?rest_route=\/wp\/v2\/types\/post"}],"author":[{"embeddable":true,"href":"https:\/\/wgphoto.pl\/t\/index.php?rest_route=\/wp\/v2\/users\/1"}],"replies":[{"embeddable":true,"href":"https:\/\/wgphoto.pl\/t\/index.php?rest_route=%2Fwp%2Fv2%2Fcomments&post=1749"}],"version-history":[{"count":1,"href":"https:\/\/wgphoto.pl\/t\/index.php?rest_route=\/wp\/v2\/posts\/1749\/revisions"}],"predecessor-version":[{"id":1751,"href":"https:\/\/wgphoto.pl\/t\/index.php?rest_route=\/wp\/v2\/posts\/1749\/revisions\/1751"}],"wp:featuredmedia":[{"embeddable":true,"href":"https:\/\/wgphoto.pl\/t\/index.php?rest_route=\/wp\/v2\/media\/1750"}],"wp:attachment":[{"href":"https:\/\/wgphoto.pl\/t\/index.php?rest_route=%2Fwp%2Fv2%2Fmedia&parent=1749"}],"wp:term":[{"taxonomy":"category","embeddable":true,"href":"https:\/\/wgphoto.pl\/t\/index.php?rest_route=%2Fwp%2Fv2%2Fcategories&post=1749"},{"taxonomy":"post_tag","embeddable":true,"href":"https:\/\/wgphoto.pl\/t\/index.php?rest_route=%2Fwp%2Fv2%2Ftags&post=1749"}],"curies":[{"name":"wp","href":"https:\/\/api.w.org\/{rel}","templated":true}]}}