{"id":17493,"date":"2025-05-25T17:19:27","date_gmt":"2025-05-25T15:19:27","guid":{"rendered":"https:\/\/wgphoto.pl\/t\/?p=17493"},"modified":"2025-05-25T17:19:27","modified_gmt":"2025-05-25T15:19:27","slug":"abb-grasso","status":"publish","type":"post","link":"https:\/\/wgphoto.pl\/t\/?p=17493","title":{"rendered":"Abb.grasso"},"content":{"rendered":"\n<figure class=\"wp-block-image aligncenter size-full\"><img loading=\"lazy\" decoding=\"async\" width=\"1200\" height=\"795\" src=\"https:\/\/wgphoto.pl\/t\/wp-content\/uploads\/2025\/05\/IMGP4769.jpg\" alt=\"\" class=\"wp-image-17494\" srcset=\"https:\/\/wgphoto.pl\/t\/wp-content\/uploads\/2025\/05\/IMGP4769.jpg 1200w, https:\/\/wgphoto.pl\/t\/wp-content\/uploads\/2025\/05\/IMGP4769-300x199.jpg 300w, https:\/\/wgphoto.pl\/t\/wp-content\/uploads\/2025\/05\/IMGP4769-768x509.jpg 768w\" sizes=\"auto, (max-width: 1200px) 100vw, 1200px\" \/><\/figure>\n\n\n\n<div class=\"wp-block-group has-global-padding is-layout-constrained wp-block-group-is-layout-constrained\">\n<p>Mediolan, Via Guglielmo Marconi. Eurotram rozpoczyna kurs do p\u0119tli przy placu Abbiategrasso, kt\u00f3rej nazwa jest tak d\u0142uga, \u017ce nie zmie\u015bci\u0142a si\u0119 na wy\u015bwietlaczu. W tle widoczna jest znana galeria Wiktora Emanuela II, kt\u00f3r\u0105 z tramwajem zazwyczaj fotografuje si\u0119 od drugiej strony. Okazuje si\u0119, \u017ce r\u00f3wnie\u017c w mie\u015bcie szaro-zielone barwy mog\u0105 by\u0107 dobrym kamufla\u017cem. \ud83d\ude09 23.10.2017<\/p>\n<\/div>\n","protected":false},"excerpt":{"rendered":"<p>Mediolan, Via Guglielmo Marconi. Eurotram rozpoczyna kurs do p\u0119tli przy placu Abbiategrasso, kt\u00f3rej nazwa jest tak d\u0142uga, \u017ce nie zmie\u015bci\u0142a si\u0119 na wy\u015bwietlaczu. W tle widoczna jest znana galeria Wiktora Emanuela II, kt\u00f3r\u0105 z tramwajem zazwyczaj fotografuje si\u0119 od drugiej strony. Okazuje si\u0119, \u017ce r\u00f3wnie\u017c w mie\u015bcie szaro-zielone barwy mog\u0105 by\u0107 dobrym kamufla\u017cem. \ud83d\ude09 23.10.2017<\/p>\n","protected":false},"author":1,"featured_media":17494,"comment_status":"open","ping_status":"","sticky":false,"template":"","format":"standard","meta":{"footnotes":""},"categories":[368,3],"tags":[836,834,502,835,832,110],"class_list":["post-17493","post","type-post","status-publish","format-standard","has-post-thumbnail","hentry","category-rok-2017","category-tramwaj","tag-2017-10-23","tag-atm-milano","tag-eurotram","tag-mediolan","tag-mediolan-2017","tag-wlochy"],"_links":{"self":[{"href":"https:\/\/wgphoto.pl\/t\/index.php?rest_route=\/wp\/v2\/posts\/17493","targetHints":{"allow":["GET"]}}],"collection":[{"href":"https:\/\/wgphoto.pl\/t\/index.php?rest_route=\/wp\/v2\/posts"}],"about":[{"href":"https:\/\/wgphoto.pl\/t\/index.php?rest_route=\/wp\/v2\/types\/post"}],"author":[{"embeddable":true,"href":"https:\/\/wgphoto.pl\/t\/index.php?rest_route=\/wp\/v2\/users\/1"}],"replies":[{"embeddable":true,"href":"https:\/\/wgphoto.pl\/t\/index.php?rest_route=%2Fwp%2Fv2%2Fcomments&post=17493"}],"version-history":[{"count":1,"href":"https:\/\/wgphoto.pl\/t\/index.php?rest_route=\/wp\/v2\/posts\/17493\/revisions"}],"predecessor-version":[{"id":17495,"href":"https:\/\/wgphoto.pl\/t\/index.php?rest_route=\/wp\/v2\/posts\/17493\/revisions\/17495"}],"wp:featuredmedia":[{"embeddable":true,"href":"https:\/\/wgphoto.pl\/t\/index.php?rest_route=\/wp\/v2\/media\/17494"}],"wp:attachment":[{"href":"https:\/\/wgphoto.pl\/t\/index.php?rest_route=%2Fwp%2Fv2%2Fmedia&parent=17493"}],"wp:term":[{"taxonomy":"category","embeddable":true,"href":"https:\/\/wgphoto.pl\/t\/index.php?rest_route=%2Fwp%2Fv2%2Fcategories&post=17493"},{"taxonomy":"post_tag","embeddable":true,"href":"https:\/\/wgphoto.pl\/t\/index.php?rest_route=%2Fwp%2Fv2%2Ftags&post=17493"}],"curies":[{"name":"wp","href":"https:\/\/api.w.org\/{rel}","templated":true}]}}