{"id":17506,"date":"2025-05-25T20:35:19","date_gmt":"2025-05-25T18:35:19","guid":{"rendered":"https:\/\/wgphoto.pl\/t\/?p=17506"},"modified":"2025-05-25T20:35:19","modified_gmt":"2025-05-25T18:35:19","slug":"ic-sleza","status":"publish","type":"post","link":"https:\/\/wgphoto.pl\/t\/?p=17506","title":{"rendered":"IC \u015al\u0119\u017ca"},"content":{"rendered":"\n<figure class=\"wp-block-image aligncenter size-full\"><img loading=\"lazy\" decoding=\"async\" width=\"1200\" height=\"675\" src=\"https:\/\/wgphoto.pl\/t\/wp-content\/uploads\/2025\/05\/IMGP8143.jpg\" alt=\"\" class=\"wp-image-17507\" srcset=\"https:\/\/wgphoto.pl\/t\/wp-content\/uploads\/2025\/05\/IMGP8143.jpg 1200w, https:\/\/wgphoto.pl\/t\/wp-content\/uploads\/2025\/05\/IMGP8143-300x169.jpg 300w, https:\/\/wgphoto.pl\/t\/wp-content\/uploads\/2025\/05\/IMGP8143-768x432.jpg 768w\" sizes=\"auto, (max-width: 1200px) 100vw, 1200px\" \/><\/figure>\n\n\n\n<div class=\"wp-block-group has-global-padding is-layout-constrained wp-block-group-is-layout-constrained\">\n<p>By\u0142 kiedy\u015b poci\u0105g InterCity o nazwie jak w tytule, nawi\u0105zuj\u0105cej do g\u00f3ry widocznej na zdj\u0119ciu, ale to nie ten. Powy\u017cszy poci\u0105g to kurs specjalny, uruchomiony, zdaje si\u0119, dla uczestnik\u00f3w jakiej\u015b imprezy odbywaj\u0105cej si\u0119 tego dnia w Sob\u00f3tce. 02.10.2010<\/p>\n<\/div>\n","protected":false},"excerpt":{"rendered":"<p>By\u0142 kiedy\u015b poci\u0105g InterCity o nazwie jak w tytule, nawi\u0105zuj\u0105cej do g\u00f3ry widocznej na zdj\u0119ciu, ale to nie ten. Powy\u017cszy poci\u0105g to kurs specjalny, uruchomiony, zdaje si\u0119, dla uczestnik\u00f3w jakiej\u015b imprezy odbywaj\u0105cej si\u0119 tego dnia w Sob\u00f3tce. 02.10.2010<\/p>\n","protected":false},"author":1,"featured_media":17507,"comment_status":"open","ping_status":"","sticky":false,"template":"","format":"standard","meta":{"footnotes":""},"categories":[2,86],"tags":[3853,114,63,27,3855,473,3854,202,1650],"class_list":["post-17506","post","type-post","status-publish","format-standard","has-post-thumbnail","hentry","category-kolej","category-rok-2010","tag-2010-10-02","tag-gory","tag-pkp","tag-polska","tag-rogow-sobocki","tag-sm42","tag-sobotka","tag-specjalny","tag-tab-pl223"],"_links":{"self":[{"href":"https:\/\/wgphoto.pl\/t\/index.php?rest_route=\/wp\/v2\/posts\/17506","targetHints":{"allow":["GET"]}}],"collection":[{"href":"https:\/\/wgphoto.pl\/t\/index.php?rest_route=\/wp\/v2\/posts"}],"about":[{"href":"https:\/\/wgphoto.pl\/t\/index.php?rest_route=\/wp\/v2\/types\/post"}],"author":[{"embeddable":true,"href":"https:\/\/wgphoto.pl\/t\/index.php?rest_route=\/wp\/v2\/users\/1"}],"replies":[{"embeddable":true,"href":"https:\/\/wgphoto.pl\/t\/index.php?rest_route=%2Fwp%2Fv2%2Fcomments&post=17506"}],"version-history":[{"count":1,"href":"https:\/\/wgphoto.pl\/t\/index.php?rest_route=\/wp\/v2\/posts\/17506\/revisions"}],"predecessor-version":[{"id":17508,"href":"https:\/\/wgphoto.pl\/t\/index.php?rest_route=\/wp\/v2\/posts\/17506\/revisions\/17508"}],"wp:featuredmedia":[{"embeddable":true,"href":"https:\/\/wgphoto.pl\/t\/index.php?rest_route=\/wp\/v2\/media\/17507"}],"wp:attachment":[{"href":"https:\/\/wgphoto.pl\/t\/index.php?rest_route=%2Fwp%2Fv2%2Fmedia&parent=17506"}],"wp:term":[{"taxonomy":"category","embeddable":true,"href":"https:\/\/wgphoto.pl\/t\/index.php?rest_route=%2Fwp%2Fv2%2Fcategories&post=17506"},{"taxonomy":"post_tag","embeddable":true,"href":"https:\/\/wgphoto.pl\/t\/index.php?rest_route=%2Fwp%2Fv2%2Ftags&post=17506"}],"curies":[{"name":"wp","href":"https:\/\/api.w.org\/{rel}","templated":true}]}}