{"id":17509,"date":"2025-05-25T20:36:27","date_gmt":"2025-05-25T18:36:27","guid":{"rendered":"https:\/\/wgphoto.pl\/t\/?p=17509"},"modified":"2025-05-25T20:36:27","modified_gmt":"2025-05-25T18:36:27","slug":"czerwone-oczy-z-rana-2","status":"publish","type":"post","link":"https:\/\/wgphoto.pl\/t\/?p=17509","title":{"rendered":"Czerwone oczy z rana (2)"},"content":{"rendered":"\n<figure class=\"wp-block-image aligncenter size-full\"><img loading=\"lazy\" decoding=\"async\" width=\"1200\" height=\"803\" src=\"https:\/\/wgphoto.pl\/t\/wp-content\/uploads\/2025\/05\/IMGP0345.jpg\" alt=\"\" class=\"wp-image-17510\" srcset=\"https:\/\/wgphoto.pl\/t\/wp-content\/uploads\/2025\/05\/IMGP0345.jpg 1200w, https:\/\/wgphoto.pl\/t\/wp-content\/uploads\/2025\/05\/IMGP0345-300x201.jpg 300w, https:\/\/wgphoto.pl\/t\/wp-content\/uploads\/2025\/05\/IMGP0345-768x514.jpg 768w\" sizes=\"auto, (max-width: 1200px) 100vw, 1200px\" \/><\/figure>\n\n\n\n<div class=\"wp-block-group has-global-padding is-layout-constrained wp-block-group-is-layout-constrained\">\n<p>Kilka (albo i wi\u0119cej) zdj\u0119\u0107 temu te\u017c by\u0142o nawi\u0105zanie do wyra\u017anie widocznych ko\u0144c\u00f3wek i porannej pory wykonania zdj\u0119cia, tym razem jednak w kadrze znalaz\u0142a si\u0119 stacja w Zi\u0119bicach i ET22-1099. 21.02.2009<\/p>\n<\/div>\n","protected":false},"excerpt":{"rendered":"<p>Kilka (albo i wi\u0119cej) zdj\u0119\u0107 temu te\u017c by\u0142o nawi\u0105zanie do wyra\u017anie widocznych ko\u0144c\u00f3wek i porannej pory wykonania zdj\u0119cia, tym razem jednak w kadrze znalaz\u0142a si\u0119 stacja w Zi\u0119bicach i ET22-1099. 21.02.2009<\/p>\n","protected":false},"author":1,"featured_media":17510,"comment_status":"open","ping_status":"","sticky":false,"template":"","format":"standard","meta":{"footnotes":""},"categories":[2,169],"tags":[880,26,173,63,27,176,44,383,654],"class_list":["post-17509","post","type-post","status-publish","format-standard","has-post-thumbnail","hentry","category-kolej","category-rok-2009","tag-2009-02-21","tag-et22","tag-koncowki","tag-pkp","tag-polska","tag-rano","tag-snieg","tag-tab-pl230","tag-ziebice"],"_links":{"self":[{"href":"https:\/\/wgphoto.pl\/t\/index.php?rest_route=\/wp\/v2\/posts\/17509","targetHints":{"allow":["GET"]}}],"collection":[{"href":"https:\/\/wgphoto.pl\/t\/index.php?rest_route=\/wp\/v2\/posts"}],"about":[{"href":"https:\/\/wgphoto.pl\/t\/index.php?rest_route=\/wp\/v2\/types\/post"}],"author":[{"embeddable":true,"href":"https:\/\/wgphoto.pl\/t\/index.php?rest_route=\/wp\/v2\/users\/1"}],"replies":[{"embeddable":true,"href":"https:\/\/wgphoto.pl\/t\/index.php?rest_route=%2Fwp%2Fv2%2Fcomments&post=17509"}],"version-history":[{"count":1,"href":"https:\/\/wgphoto.pl\/t\/index.php?rest_route=\/wp\/v2\/posts\/17509\/revisions"}],"predecessor-version":[{"id":17511,"href":"https:\/\/wgphoto.pl\/t\/index.php?rest_route=\/wp\/v2\/posts\/17509\/revisions\/17511"}],"wp:featuredmedia":[{"embeddable":true,"href":"https:\/\/wgphoto.pl\/t\/index.php?rest_route=\/wp\/v2\/media\/17510"}],"wp:attachment":[{"href":"https:\/\/wgphoto.pl\/t\/index.php?rest_route=%2Fwp%2Fv2%2Fmedia&parent=17509"}],"wp:term":[{"taxonomy":"category","embeddable":true,"href":"https:\/\/wgphoto.pl\/t\/index.php?rest_route=%2Fwp%2Fv2%2Fcategories&post=17509"},{"taxonomy":"post_tag","embeddable":true,"href":"https:\/\/wgphoto.pl\/t\/index.php?rest_route=%2Fwp%2Fv2%2Ftags&post=17509"}],"curies":[{"name":"wp","href":"https:\/\/api.w.org\/{rel}","templated":true}]}}