{"id":1752,"date":"2024-10-06T20:30:54","date_gmt":"2024-10-06T18:30:54","guid":{"rendered":"https:\/\/wgphoto.pl\/t\/?p=1752"},"modified":"2024-10-06T20:30:54","modified_gmt":"2024-10-06T18:30:54","slug":"solo-we-mgle","status":"publish","type":"post","link":"https:\/\/wgphoto.pl\/t\/?p=1752","title":{"rendered":"Solo we mgle"},"content":{"rendered":"\n<figure class=\"wp-block-image aligncenter size-full\"><img loading=\"lazy\" decoding=\"async\" width=\"1200\" height=\"800\" src=\"https:\/\/wgphoto.pl\/t\/wp-content\/uploads\/2024\/10\/0302-13A.jpg\" alt=\"\" class=\"wp-image-1753\" srcset=\"https:\/\/wgphoto.pl\/t\/wp-content\/uploads\/2024\/10\/0302-13A.jpg 1200w, https:\/\/wgphoto.pl\/t\/wp-content\/uploads\/2024\/10\/0302-13A-300x200.jpg 300w, https:\/\/wgphoto.pl\/t\/wp-content\/uploads\/2024\/10\/0302-13A-768x512.jpg 768w\" sizes=\"auto, (max-width: 1200px) 100vw, 1200px\" \/><\/figure>\n\n\n\n<div class=\"wp-block-group has-global-padding is-layout-constrained wp-block-group-is-layout-constrained\">\n<p>Grudzi\u0105dz, ul. Dworcowa. 805Na 49 zaraz odjedzie z przystanku pod dworcem kolejowym w kierunku Tarpna. Godzina \u00f3sma rano, zaliczanie grudzi\u0105dzkich tramwaj\u00f3w zako\u0144czone. Nie ma to jak poznawa\u0107 now\u0105 sie\u0107 po ciemku i we mgle. \ud83d\ude09 05.02.2003<\/p>\n<\/div>\n","protected":false},"excerpt":{"rendered":"<p>Grudzi\u0105dz, ul. Dworcowa. 805Na 49 zaraz odjedzie z przystanku pod dworcem kolejowym w kierunku Tarpna. Godzina \u00f3sma rano, zaliczanie grudzi\u0105dzkich tramwaj\u00f3w zako\u0144czone. Nie ma to jak poznawa\u0107 now\u0105 sie\u0107 po ciemku i we mgle. \ud83d\ude09 05.02.2003<\/p>\n","protected":false},"author":1,"featured_media":1753,"comment_status":"open","ping_status":"","sticky":false,"template":"","format":"standard","meta":{"footnotes":""},"categories":[62,149,3],"tags":[910,915,775,821,914,27,176,44,380],"class_list":["post-1752","post","type-post","status-publish","format-standard","has-post-thumbnail","hentry","category-analog","category-rok-2003","category-tramwaj","tag-2003-02-05","tag-grudziadz","tag-konstal-805n","tag-mgla","tag-mzk-grudziadz","tag-polska","tag-rano","tag-snieg","tag-spod-dworca"],"_links":{"self":[{"href":"https:\/\/wgphoto.pl\/t\/index.php?rest_route=\/wp\/v2\/posts\/1752","targetHints":{"allow":["GET"]}}],"collection":[{"href":"https:\/\/wgphoto.pl\/t\/index.php?rest_route=\/wp\/v2\/posts"}],"about":[{"href":"https:\/\/wgphoto.pl\/t\/index.php?rest_route=\/wp\/v2\/types\/post"}],"author":[{"embeddable":true,"href":"https:\/\/wgphoto.pl\/t\/index.php?rest_route=\/wp\/v2\/users\/1"}],"replies":[{"embeddable":true,"href":"https:\/\/wgphoto.pl\/t\/index.php?rest_route=%2Fwp%2Fv2%2Fcomments&post=1752"}],"version-history":[{"count":1,"href":"https:\/\/wgphoto.pl\/t\/index.php?rest_route=\/wp\/v2\/posts\/1752\/revisions"}],"predecessor-version":[{"id":1754,"href":"https:\/\/wgphoto.pl\/t\/index.php?rest_route=\/wp\/v2\/posts\/1752\/revisions\/1754"}],"wp:featuredmedia":[{"embeddable":true,"href":"https:\/\/wgphoto.pl\/t\/index.php?rest_route=\/wp\/v2\/media\/1753"}],"wp:attachment":[{"href":"https:\/\/wgphoto.pl\/t\/index.php?rest_route=%2Fwp%2Fv2%2Fmedia&parent=1752"}],"wp:term":[{"taxonomy":"category","embeddable":true,"href":"https:\/\/wgphoto.pl\/t\/index.php?rest_route=%2Fwp%2Fv2%2Fcategories&post=1752"},{"taxonomy":"post_tag","embeddable":true,"href":"https:\/\/wgphoto.pl\/t\/index.php?rest_route=%2Fwp%2Fv2%2Ftags&post=1752"}],"curies":[{"name":"wp","href":"https:\/\/api.w.org\/{rel}","templated":true}]}}