{"id":17528,"date":"2025-05-25T20:42:45","date_gmt":"2025-05-25T18:42:45","guid":{"rendered":"https:\/\/wgphoto.pl\/t\/?p=17528"},"modified":"2025-05-25T20:42:45","modified_gmt":"2025-05-25T18:42:45","slug":"kadr-ze-znacznikiem-lokalizacji","status":"publish","type":"post","link":"https:\/\/wgphoto.pl\/t\/?p=17528","title":{"rendered":"Kadr ze znacznikiem lokalizacji"},"content":{"rendered":"\n<figure class=\"wp-block-image aligncenter size-full\"><img loading=\"lazy\" decoding=\"async\" width=\"1200\" height=\"800\" src=\"https:\/\/wgphoto.pl\/t\/wp-content\/uploads\/2025\/05\/0412-09.jpg\" alt=\"\" class=\"wp-image-17529\" srcset=\"https:\/\/wgphoto.pl\/t\/wp-content\/uploads\/2025\/05\/0412-09.jpg 1200w, https:\/\/wgphoto.pl\/t\/wp-content\/uploads\/2025\/05\/0412-09-300x200.jpg 300w, https:\/\/wgphoto.pl\/t\/wp-content\/uploads\/2025\/05\/0412-09-768x512.jpg 768w\" sizes=\"auto, (max-width: 1200px) 100vw, 1200px\" \/><\/figure>\n\n\n\n<div class=\"wp-block-group has-global-padding is-layout-constrained wp-block-group-is-layout-constrained\">\n<p>SU45-092 z osobowym 7737 do Leszna oczekuje pory odjazdu z Ostrowa Wielkopolskiego. Pami\u0119tam \u017ce kombinowa\u0142em jak tu zmie\u015bci\u0107 w kadrze t\u0119 tablic\u0119 z nazw\u0105 stacji. 14.07.2004<\/p>\n<\/div>\n","protected":false},"excerpt":{"rendered":"<p>SU45-092 z osobowym 7737 do Leszna oczekuje pory odjazdu z Ostrowa Wielkopolskiego. Pami\u0119tam \u017ce kombinowa\u0142em jak tu zmie\u015bci\u0107 w kadrze t\u0119 tablic\u0119 z nazw\u0105 stacji. 14.07.2004<\/p>\n","protected":false},"author":1,"featured_media":17529,"comment_status":"open","ping_status":"","sticky":false,"template":"","format":"standard","meta":{"footnotes":""},"categories":[62,2,61],"tags":[3676,288,2744,24,63,27,290,515],"class_list":["post-17528","post","type-post","status-publish","format-standard","has-post-thumbnail","hentry","category-analog","category-kolej","category-rok-2004","tag-2004-07-14","tag-bipa","tag-ostrow-wielkopolski","tag-perony","tag-pkp","tag-polska","tag-su45","tag-tab-pl350"],"_links":{"self":[{"href":"https:\/\/wgphoto.pl\/t\/index.php?rest_route=\/wp\/v2\/posts\/17528","targetHints":{"allow":["GET"]}}],"collection":[{"href":"https:\/\/wgphoto.pl\/t\/index.php?rest_route=\/wp\/v2\/posts"}],"about":[{"href":"https:\/\/wgphoto.pl\/t\/index.php?rest_route=\/wp\/v2\/types\/post"}],"author":[{"embeddable":true,"href":"https:\/\/wgphoto.pl\/t\/index.php?rest_route=\/wp\/v2\/users\/1"}],"replies":[{"embeddable":true,"href":"https:\/\/wgphoto.pl\/t\/index.php?rest_route=%2Fwp%2Fv2%2Fcomments&post=17528"}],"version-history":[{"count":1,"href":"https:\/\/wgphoto.pl\/t\/index.php?rest_route=\/wp\/v2\/posts\/17528\/revisions"}],"predecessor-version":[{"id":17530,"href":"https:\/\/wgphoto.pl\/t\/index.php?rest_route=\/wp\/v2\/posts\/17528\/revisions\/17530"}],"wp:featuredmedia":[{"embeddable":true,"href":"https:\/\/wgphoto.pl\/t\/index.php?rest_route=\/wp\/v2\/media\/17529"}],"wp:attachment":[{"href":"https:\/\/wgphoto.pl\/t\/index.php?rest_route=%2Fwp%2Fv2%2Fmedia&parent=17528"}],"wp:term":[{"taxonomy":"category","embeddable":true,"href":"https:\/\/wgphoto.pl\/t\/index.php?rest_route=%2Fwp%2Fv2%2Fcategories&post=17528"},{"taxonomy":"post_tag","embeddable":true,"href":"https:\/\/wgphoto.pl\/t\/index.php?rest_route=%2Fwp%2Fv2%2Ftags&post=17528"}],"curies":[{"name":"wp","href":"https:\/\/api.w.org\/{rel}","templated":true}]}}